{"id":3973,"date":"2017-03-01T18:59:16","date_gmt":"2017-03-01T17:59:16","guid":{"rendered":"http:\/\/meier-gerdingh.de\/wp-spd-ob\/?p=3973"},"modified":"2017-03-01T18:59:16","modified_gmt":"2017-03-01T17:59:16","slug":"spd-ratsfraktion-begruesst-konsens-im-kampf-gegen-langzeitarbeitslosigkeit","status":"publish","type":"post","link":"https:\/\/meier-gerdingh.de\/wp-spd-ob\/2017\/03\/01\/spd-ratsfraktion-begruesst-konsens-im-kampf-gegen-langzeitarbeitslosigkeit\/","title":{"rendered":"SPD-Ratsfraktion begr\u00fc\u00dft Konsens im Kampf gegen Langzeitarbeitslosigkeit"},"content":{"rendered":"<p>Auf Anregung der SPD hat der Sozialausschuss einstimmig die Verwaltung beauftragt, f\u00fcr die n\u00e4chste Sitzung des Gremiums eine Beschlussvorlage vorzulegen, die die Teilnahme am bundesweiten Besch\u00e4ftigungsprogramm &#8222;Soziale Teilhabe&#8220; erm\u00f6glicht. Mindestens 50 Langzeitarbeitslose sollen im Konzern Stadt die Chance bekommen, eine Besch\u00e4ftigung zu finden. Diese Stellen werden zus\u00e4tzlich zu den bereits bestehenden geschaffen.<!--more--><\/p>\n<p>Dabei soll die Kompetenz der sozialen Besch\u00e4ftigungstr\u00e4ger der Stadt Oberhausen, die in einem Verbundsystem agieren, genutzt werden. Die Teilnehmer k\u00f6nnten unterst\u00fctzend eingesetzt werden etwa in den Bereichen Service, Sauberkeit oder Landschaftspflege. Dies steht auch im Zusammenhang mit der Sauberkeitsoffensive, die Ende des vergangenen Jahres mit gro\u00dfer Mehrheit im Rat verabschiedet worden war.<\/p>\n<p>&#8222;Dies ist ein weiterer Schritt, um die Perspektive von Langzeitarbeitslosen in unserer Stadt nachhaltig zu verbessern&#8220;, erkl\u00e4rt Ercan Telli, sozialpolitischer Sprecher der SPD-Fraktion.<\/p>\n","protected":false},"excerpt":{"rendered":"<p>Auf Anregung der SPD hat der Sozialausschuss einstimmig die Verwaltung beauftragt, f\u00fcr die n\u00e4chste Sitzung des Gremiums eine Beschlussvorlage vorzulegen, die die Teilnahme am bundesweiten Besch\u00e4ftigungsprogramm &#8222;Soziale Teilhabe&#8220; erm\u00f6glicht. Mindestens&hellip; <\/p>\n","protected":false},"author":1,"featured_media":0,"comment_status":"closed","ping_status":"closed","sticky":false,"template":"","format":"standard","meta":{"footnotes":""},"categories":[174],"tags":[903,1149,1148,742,431,1150],"quellen":[326],"class_list":["post-3973","post","type-post","status-publish","format-standard","hentry","category-arbeit-und-soziales","tag-beschaeftigungsfoerderung","tag-beschaeftigungsprogramm","tag-beschaeftigungsprogramm-soziale-teilhabe","tag-langzeitarbeitslose","tag-langzeitarbeitslosigkeit","tag-sauberkeitsoffensive","quellen-spd-fraktion-oberhausen"],"_links":{"self":[{"href":"https:\/\/meier-gerdingh.de\/wp-spd-ob\/wp-json\/wp\/v2\/posts\/3973","targetHints":{"allow":["GET"]}}],"collection":[{"href":"https:\/\/meier-gerdingh.de\/wp-spd-ob\/wp-json\/wp\/v2\/posts"}],"about":[{"href":"https:\/\/meier-gerdingh.de\/wp-spd-ob\/wp-json\/wp\/v2\/types\/post"}],"author":[{"embeddable":true,"href":"https:\/\/meier-gerdingh.de\/wp-spd-ob\/wp-json\/wp\/v2\/users\/1"}],"replies":[{"embeddable":true,"href":"https:\/\/meier-gerdingh.de\/wp-spd-ob\/wp-json\/wp\/v2\/comments?post=3973"}],"version-history":[{"count":0,"href":"https:\/\/meier-gerdingh.de\/wp-spd-ob\/wp-json\/wp\/v2\/posts\/3973\/revisions"}],"wp:attachment":[{"href":"https:\/\/meier-gerdingh.de\/wp-spd-ob\/wp-json\/wp\/v2\/media?parent=3973"}],"wp:term":[{"taxonomy":"category","embeddable":true,"href":"https:\/\/meier-gerdingh.de\/wp-spd-ob\/wp-json\/wp\/v2\/categories?post=3973"},{"taxonomy":"post_tag","embeddable":true,"href":"https:\/\/meier-gerdingh.de\/wp-spd-ob\/wp-json\/wp\/v2\/tags?post=3973"},{"taxonomy":"quellen","embeddable":true,"href":"https:\/\/meier-gerdingh.de\/wp-spd-ob\/wp-json\/wp\/v2\/quellen?post=3973"}],"curies":[{"name":"wp","href":"https:\/\/api.w.org\/{rel}","templated":true}]}}