{"id":3987,"date":"2017-03-02T21:09:37","date_gmt":"2017-03-02T20:09:37","guid":{"rendered":"http:\/\/meier-gerdingh.de\/wp-spd-ob\/?p=3987"},"modified":"2017-03-05T19:23:13","modified_gmt":"2017-03-05T18:23:13","slug":"sozialdemokraten-greifen-bericht-ueber-desolaten-zustand-des-kreisverkehrs-biefang-auf","status":"publish","type":"post","link":"https:\/\/meier-gerdingh.de\/wp-spd-ob\/2017\/03\/02\/sozialdemokraten-greifen-bericht-ueber-desolaten-zustand-des-kreisverkehrs-biefang-auf\/","title":{"rendered":"Sozialdemokraten greifen Bericht \u00fcber desolaten Zustand des Kreisverkehrs Biefang auf"},"content":{"rendered":"<p>Mitte Januar 2017 berichtete die WAZ, dass sich die <abbr title=\"B\u00fcrgerInteressengemeinschaft Biefang\">BIG<\/abbr> \u00fcber den desolaten Zustand im Biefanger Kreisverkehr \u00f6ffentlich beschwerte. Die SPD-Fraktion in der Bezirksvertretung Sterkrade nahm dieses auf Initiative von Uschi Dorroch zum Anlass, hier t\u00e4tig zu werden.<\/p>\n<p>Eine \u00dcberpr\u00fcfung vor Ort ergab, dass das Pflaster im Innenkreis des Kreisverkehrs sehr stark aufgeworfen war. Zudem gab es Radspuren im angrenzenden Gr\u00fcn, die auf ein unsachgem\u00e4\u00dfes Befahren des Bereiches hindeuten.<\/p>\n<p><div id=\"attachment_3985\" style=\"width: 730px\" class=\"wp-caption aligncenter\"><a href=\"http:\/\/meier-gerdingh.de\/wp-spd-ob\/wp-content\/uploads\/2017\/03\/kreisverkehr_biefang_alt.jpg\"><img aria-describedby=\"caption-attachment-3985\" decoding=\"async\" class=\"size-full wp-image-3985\" src=\"http:\/\/meier-gerdingh.de\/wp-spd-ob\/wp-content\/uploads\/2017\/03\/kreisverkehr_biefang_alt.jpg\" alt=\"Der innere Ring des Kreisverkehrs war stark besch\u00e4digt\" width=\"720\" height=\"405\" srcset=\"https:\/\/meier-gerdingh.de\/wp-spd-ob\/wp-content\/uploads\/2017\/03\/kreisverkehr_biefang_alt.jpg 720w, https:\/\/meier-gerdingh.de\/wp-spd-ob\/wp-content\/uploads\/2017\/03\/kreisverkehr_biefang_alt-300x169.jpg 300w\" sizes=\"(max-width: 720px) 100vw, 720px\" \/><\/a><p id=\"caption-attachment-3985\" class=\"wp-caption-text\">Der innere Ring des Kreisverkehrs war stark besch\u00e4digt<\/p><\/div><!--more--><\/p>\n<p>Nachdem der Schaden als Bild dokumentiert war, wurde er der Fachverwaltung zugestellt, verbunden mit der Frage, ob und wie hier Abhilfe geschaffen werden kann.<\/p>\n<p>Mittlerweile hat die Fachverwaltung reagiert. Das Pflaster im gesamten Innenkreis wurde aufgenommen und stattdessen der innere Ring asphaltiert.<\/p>\n<div id=\"attachment_3986\" style=\"width: 730px\" class=\"wp-caption aligncenter\"><a href=\"http:\/\/meier-gerdingh.de\/wp-spd-ob\/wp-content\/uploads\/2017\/03\/kreisverkehr_biefang_neu.jpg\"><img aria-describedby=\"caption-attachment-3986\" decoding=\"async\" src=\"http:\/\/meier-gerdingh.de\/wp-spd-ob\/wp-content\/uploads\/2017\/03\/kreisverkehr_biefang_neu.jpg\" alt=\"Die Gefahrenquelle und die Besch\u00e4digungen sind beseitigt\" width=\"720\" height=\"341\" class=\"size-full wp-image-3986\" srcset=\"https:\/\/meier-gerdingh.de\/wp-spd-ob\/wp-content\/uploads\/2017\/03\/kreisverkehr_biefang_neu.jpg 720w, https:\/\/meier-gerdingh.de\/wp-spd-ob\/wp-content\/uploads\/2017\/03\/kreisverkehr_biefang_neu-300x142.jpg 300w\" sizes=\"(max-width: 720px) 100vw, 720px\" \/><\/a><p id=\"caption-attachment-3986\" class=\"wp-caption-text\">Die Gefahrenquelle und die Besch\u00e4digungen sind beseitigt<\/p><\/div>\n<p>Die SPD-Fraktion in der Bezirksvertretung Sterkrade dankt an dieser Stelle ausdr\u00fccklich der Verwaltung f\u00fcr die Beseitigung dieser Gefahrenquelle.<\/p>\n<p>F\u00fcr Ulrich Real, ebenfalls Mitglied in der SPD-Fraktion, ist dies ein Beispiel, dass Politik vor Ort nicht nur reden, sondern auch handeln beinhalten muss. &#8222;Wir helfen, wo wir helfen k\u00f6nnen!&#8220;<\/p>\n","protected":false},"excerpt":{"rendered":"<p>Mitte Januar 2017 berichtete die WAZ, dass sich die BIG \u00fcber den desolaten Zustand im Biefanger Kreisverkehr \u00f6ffentlich beschwerte. Die SPD-Fraktion in der Bezirksvertretung Sterkrade nahm dieses auf Initiative von&hellip; <\/p>\n","protected":false},"author":1,"featured_media":0,"comment_status":"closed","ping_status":"closed","sticky":false,"template":"","format":"standard","meta":{"footnotes":""},"categories":[27],"tags":[443,1155,1156],"quellen":[1154],"class_list":["post-3987","post","type-post","status-publish","format-standard","hentry","category-planen-bauen-wohnen-verkehr","tag-biefang","tag-kreisverkehr-biefang","tag-spd-fraktion-bezirksvertretung-sterkrade","quellen-spd-fraktion-bzv-sterkrade"],"_links":{"self":[{"href":"https:\/\/meier-gerdingh.de\/wp-spd-ob\/wp-json\/wp\/v2\/posts\/3987","targetHints":{"allow":["GET"]}}],"collection":[{"href":"https:\/\/meier-gerdingh.de\/wp-spd-ob\/wp-json\/wp\/v2\/posts"}],"about":[{"href":"https:\/\/meier-gerdingh.de\/wp-spd-ob\/wp-json\/wp\/v2\/types\/post"}],"author":[{"embeddable":true,"href":"https:\/\/meier-gerdingh.de\/wp-spd-ob\/wp-json\/wp\/v2\/users\/1"}],"replies":[{"embeddable":true,"href":"https:\/\/meier-gerdingh.de\/wp-spd-ob\/wp-json\/wp\/v2\/comments?post=3987"}],"version-history":[{"count":0,"href":"https:\/\/meier-gerdingh.de\/wp-spd-ob\/wp-json\/wp\/v2\/posts\/3987\/revisions"}],"wp:attachment":[{"href":"https:\/\/meier-gerdingh.de\/wp-spd-ob\/wp-json\/wp\/v2\/media?parent=3987"}],"wp:term":[{"taxonomy":"category","embeddable":true,"href":"https:\/\/meier-gerdingh.de\/wp-spd-ob\/wp-json\/wp\/v2\/categories?post=3987"},{"taxonomy":"post_tag","embeddable":true,"href":"https:\/\/meier-gerdingh.de\/wp-spd-ob\/wp-json\/wp\/v2\/tags?post=3987"},{"taxonomy":"quellen","embeddable":true,"href":"https:\/\/meier-gerdingh.de\/wp-spd-ob\/wp-json\/wp\/v2\/quellen?post=3987"}],"curies":[{"name":"wp","href":"https:\/\/api.w.org\/{rel}","templated":true}]}}