{"id":4003,"date":"2017-03-07T08:14:25","date_gmt":"2017-03-07T07:14:25","guid":{"rendered":"http:\/\/meier-gerdingh.de\/wp-spd-ob\/?p=4003"},"modified":"2017-03-21T20:16:46","modified_gmt":"2017-03-21T19:16:46","slug":"spd-oberhausen-west-setzt-stadtteilgespraeche-fort-2","status":"publish","type":"post","link":"https:\/\/meier-gerdingh.de\/wp-spd-ob\/2017\/03\/07\/spd-oberhausen-west-setzt-stadtteilgespraeche-fort-2\/","title":{"rendered":"SPD Oberhausen-West l\u00e4dt wieder ein zu den Stadtteilgespr\u00e4chen in Alstaden und Lirich"},"content":{"rendered":"<p><a href=\"http:\/\/meier-gerdingh.de\/wp-spd-ob\/wp-content\/uploads\/banner_ov_west_neu.jpg\"><img decoding=\"async\" class=\"aligncenter size-full wp-image-1778\" src=\"http:\/\/meier-gerdingh.de\/wp-spd-ob\/wp-content\/uploads\/banner_ov_west_neu.jpg\" alt=\"banner_ov_west_neu\" width=\"600\" height=\"150\" srcset=\"https:\/\/meier-gerdingh.de\/wp-spd-ob\/wp-content\/uploads\/banner_ov_west_neu.jpg 600w, https:\/\/meier-gerdingh.de\/wp-spd-ob\/wp-content\/uploads\/banner_ov_west_neu-300x75.jpg 300w\" sizes=\"(max-width: 600px) 100vw, 600px\" \/><\/a><\/p>\n<p>Im Rahmen seiner Veranstaltungsreihe &#8222;Stadtteilgespr\u00e4ch&#8220; l\u00e4dt der SPD-Ortsverein Oberhausen-West im M\u00e4rz wieder zu B\u00fcrgerversammlungen in Alstaden und Lirich ein:<\/p>\n<p>Am <strong>Dienstag, 14. M\u00e4rz 2017, ab 19.00 Uhr<\/strong>, geht es zun\u00e4chst um aktuelle Alstadener Entwicklungen und Sachst\u00e4nde. Geredet werden soll auf jeden Fall \u00fcber die Sportanlage Kuhle, die &#8222;Tennisoase&#8220; und den von der Stadt M\u00fclheim forcierten Bau des Riesenwindkraftrades in der Ruhraue. Selbstverst\u00e4ndlich k\u00f6nnen die Anwesenden auch jedes andere Thema aus dem Stadtteil ansprechen. Denn beim &#8222;Stadtteilgespr\u00e4ch&#8220; bestimmen die B\u00fcrgerinnen und B\u00fcrger die Tagesordnung. Anregungungen und Beschwerden, Ideen und Kritik sind ausdr\u00fccklich erw\u00fcnscht und werden mit den zust\u00e4ndigen SPD-Ratsmitgliedern und -Bezirksvertretern sowie Vertretern der Stadtverwaltung er\u00f6rtert. Der Bundestagsabgeordnete und Oberhausener SPD-Chef Dirk V\u00f6pel hat ebenfalls sein Kommen zugesagt.<\/p>\n<p>Zwei Tage sp\u00e4ter, am <strong>Donnerstag, 16. M\u00e4rz 2017, ab 19.00 Uhr<\/strong>, findet das Stadtteilgespr\u00e4ch Lirich statt. Informiert und diskutiert wird u. a. \u00fcber die Entwicklung auf dem alten Babcock-Areal an der Duisburger Stra\u00dfe. Au\u00dferdem werden die Tagesordnungspunkte des letzten Stadtteilgespr\u00e4chs (Laternen, Spielplatz Rosenstra\u00dfe, Stadtarchiv, Zebrastreifen Wilmsstra\u00dfe) auf den aktuellen Stand gebracht. Anschlie\u00dfend k\u00f6nnen die Liricher B\u00fcrgerinnen und B\u00fcrger weitere Themen aus ihrem Stadtteil aufrufen. Neben den SPD-Mitgliedern im Rat und in der Bezirksvertretung wird MdB Dirk V\u00f6pel an der Veranstaltung teilnehmen.<!--more--><\/p>\n<p>&#8222;Mit den Stadtteilgespr\u00e4chen wollen wir den Menschen regelm\u00e4\u00dfig eine M\u00f6glichkeit geben, aktiv an der Gestaltung ihres Stadtteils, ihres unmittelbaren Lebensumfeldes mitzuwirken&#8220;, erkl\u00e4rt die stellvertretende Ortsvereinsvorsitzende Sonja Bongers. &#8222;Die erfreuliche Resonanz auf die letzten Veranstaltungen zeigt: Es lohnt sich, die B\u00fcrgerinnen und B\u00fcrger wieder viel st\u00e4rker da abzuholen, wo sie Zuhause sind, in den Quartieren und Stadtbezirken, der Heimat vor der Haust\u00fcre.&#8220;<\/p>\n<p><strong>TERMINE:<\/strong><\/p>\n<p><strong>STADTTEILGESPR\u00c4CH ALSTADEN<\/strong><br \/>\n<strong>Dienstag | 14. M\u00e4rz 2017 | ab 19.00 Uhr<\/strong><br \/>\nMensa der Hauptschule Alstaden<br \/>\nBebelstr. 182<br \/>\n46049 Oberhausen<\/p>\n<p><strong>STADTTEILGESPR\u00c4CH LIRICH<\/strong><br \/>\n<strong>Donnerstag | 16. M\u00e4rz 2017 | ab 19.00 Uhr<\/strong><br \/>\nAWO-Altenpflegeseminar<br \/>\nRosenstra\u00dfe 67<br \/>\n46049 Oberhausen<\/p>\n","protected":false},"excerpt":{"rendered":"<p>Im Rahmen seiner Veranstaltungsreihe &#8222;Stadtteilgespr\u00e4ch&#8220; l\u00e4dt der SPD-Ortsverein Oberhausen-West im M\u00e4rz wieder zu B\u00fcrgerversammlungen in Alstaden und Lirich ein: Am Dienstag, 14. M\u00e4rz 2017, ab 19.00 Uhr, geht es zun\u00e4chst&hellip; <\/p>\n","protected":false},"author":1,"featured_media":0,"comment_status":"closed","ping_status":"closed","sticky":false,"template":"","format":"standard","meta":{"footnotes":""},"categories":[167,171],"tags":[134,422,183,184],"quellen":[335],"class_list":["post-4003","post","type-post","status-publish","format-standard","hentry","category-stadtteile","category-veranstaltungen","tag-alstaden","tag-buergerversammlung","tag-lirich","tag-stadtteilgespraeche","quellen-ov-west"],"_links":{"self":[{"href":"https:\/\/meier-gerdingh.de\/wp-spd-ob\/wp-json\/wp\/v2\/posts\/4003","targetHints":{"allow":["GET"]}}],"collection":[{"href":"https:\/\/meier-gerdingh.de\/wp-spd-ob\/wp-json\/wp\/v2\/posts"}],"about":[{"href":"https:\/\/meier-gerdingh.de\/wp-spd-ob\/wp-json\/wp\/v2\/types\/post"}],"author":[{"embeddable":true,"href":"https:\/\/meier-gerdingh.de\/wp-spd-ob\/wp-json\/wp\/v2\/users\/1"}],"replies":[{"embeddable":true,"href":"https:\/\/meier-gerdingh.de\/wp-spd-ob\/wp-json\/wp\/v2\/comments?post=4003"}],"version-history":[{"count":0,"href":"https:\/\/meier-gerdingh.de\/wp-spd-ob\/wp-json\/wp\/v2\/posts\/4003\/revisions"}],"wp:attachment":[{"href":"https:\/\/meier-gerdingh.de\/wp-spd-ob\/wp-json\/wp\/v2\/media?parent=4003"}],"wp:term":[{"taxonomy":"category","embeddable":true,"href":"https:\/\/meier-gerdingh.de\/wp-spd-ob\/wp-json\/wp\/v2\/categories?post=4003"},{"taxonomy":"post_tag","embeddable":true,"href":"https:\/\/meier-gerdingh.de\/wp-spd-ob\/wp-json\/wp\/v2\/tags?post=4003"},{"taxonomy":"quellen","embeddable":true,"href":"https:\/\/meier-gerdingh.de\/wp-spd-ob\/wp-json\/wp\/v2\/quellen?post=4003"}],"curies":[{"name":"wp","href":"https:\/\/api.w.org\/{rel}","templated":true}]}}