{"id":4008,"date":"2017-03-07T09:11:15","date_gmt":"2017-03-07T08:11:15","guid":{"rendered":"http:\/\/meier-gerdingh.de\/wp-spd-ob\/?p=4008"},"modified":"2017-03-08T09:11:24","modified_gmt":"2017-03-08T08:11:24","slug":"einladung-zum-5-buergerstammtisch-in-holten","status":"publish","type":"post","link":"https:\/\/meier-gerdingh.de\/wp-spd-ob\/2017\/03\/07\/einladung-zum-5-buergerstammtisch-in-holten\/","title":{"rendered":"Einladung zum 5. B\u00fcrgerstammtisch in Holten"},"content":{"rendered":"<p>Zum mittlerweile <strong>5. Holtener B\u00fcrgerstammtisch<\/strong> hat der SPD-Ortsverein Alsfeld-Holten den finanzpolitischen Sprecher der SPD-Landtagsfraktion, den Landtagsabgeordneten Stefan Zimkeit, eingeladen. Zimkeit m\u00f6chte den B\u00fcrgerinnen und B\u00fcrgern aus Holten seine Vorstellungen zu den Themen &#8222;Steuergerechtigkeit und Bildung&#8220; n\u00e4her bringen und erl\u00e4utern. Der Sterkrader Landtagsabgeordnete freut sich auf eine rege Diskussion mit den teilnehmenden B\u00fcrgerinnen und B\u00fcrgern.<!--more--><\/p>\n<p>Unter der \u00dcberschrift &#8222;Steuern zahlen macht keinen Spa\u00df, aber Sinn&#8220; wird er uns seine und die Vorstellungen der NRW-SPD f\u00fcr die kommenden Jahre vorstellen und auch berichten, was bereits erreicht wurde.<\/p>\n<p>Das Jahr 2017 ist ein Jahr der Weichenstellungen in Europa, in Deutschland und nat\u00fcrlich auch in NRW. Die zentralen Themen der Zeit, n\u00e4mlich mehr Gerechtigkeit, bessere Bildung, ein leistungsf\u00e4higer Sozialstaat, faire Steuern und L\u00f6hne und eine moderne Familienpolitik m\u00fcssen entschieden angepackt werden.<\/p>\n<p>Der &#8222;Holtener B\u00fcrgerstammtisch&#8220; der SPD w\u00fcrde sich freuen, wenn viele B\u00fcrgerinnen und B\u00fcrger aus Holten und Umgebung an dem Stammtisch teilnehmen w\u00fcrden.<\/p>\n<p><strong>TERMIN:<\/p>\n<p>5. Holtener B\u00fcrgerstammtisch<br \/>\nFreitag | 17. M\u00e4rz 2017 | 19.00 Uhr<br \/>\nGastst\u00e4tte &#8222;Alt-Holten&#8220;<br \/>\nWasserstr. 32 | 46147 Oberhausen<\/strong><\/p>\n","protected":false},"excerpt":{"rendered":"<p>Zum mittlerweile 5. Holtener B\u00fcrgerstammtisch hat der SPD-Ortsverein Alsfeld-Holten den finanzpolitischen Sprecher der SPD-Landtagsfraktion, den Landtagsabgeordneten Stefan Zimkeit, eingeladen. Zimkeit m\u00f6chte den B\u00fcrgerinnen und B\u00fcrgern aus Holten seine Vorstellungen zu&hellip; <\/p>\n","protected":false},"author":1,"featured_media":0,"comment_status":"closed","ping_status":"closed","sticky":false,"template":"","format":"standard","meta":{"footnotes":""},"categories":[171],"tags":[1164,422,386],"quellen":[336],"class_list":["post-4008","post","type-post","status-publish","format-standard","hentry","category-veranstaltungen","tag-buergerstammtisch-holten","tag-buergerversammlung","tag-holten","quellen-ov-alsfeld-holten"],"_links":{"self":[{"href":"https:\/\/meier-gerdingh.de\/wp-spd-ob\/wp-json\/wp\/v2\/posts\/4008","targetHints":{"allow":["GET"]}}],"collection":[{"href":"https:\/\/meier-gerdingh.de\/wp-spd-ob\/wp-json\/wp\/v2\/posts"}],"about":[{"href":"https:\/\/meier-gerdingh.de\/wp-spd-ob\/wp-json\/wp\/v2\/types\/post"}],"author":[{"embeddable":true,"href":"https:\/\/meier-gerdingh.de\/wp-spd-ob\/wp-json\/wp\/v2\/users\/1"}],"replies":[{"embeddable":true,"href":"https:\/\/meier-gerdingh.de\/wp-spd-ob\/wp-json\/wp\/v2\/comments?post=4008"}],"version-history":[{"count":0,"href":"https:\/\/meier-gerdingh.de\/wp-spd-ob\/wp-json\/wp\/v2\/posts\/4008\/revisions"}],"wp:attachment":[{"href":"https:\/\/meier-gerdingh.de\/wp-spd-ob\/wp-json\/wp\/v2\/media?parent=4008"}],"wp:term":[{"taxonomy":"category","embeddable":true,"href":"https:\/\/meier-gerdingh.de\/wp-spd-ob\/wp-json\/wp\/v2\/categories?post=4008"},{"taxonomy":"post_tag","embeddable":true,"href":"https:\/\/meier-gerdingh.de\/wp-spd-ob\/wp-json\/wp\/v2\/tags?post=4008"},{"taxonomy":"quellen","embeddable":true,"href":"https:\/\/meier-gerdingh.de\/wp-spd-ob\/wp-json\/wp\/v2\/quellen?post=4008"}],"curies":[{"name":"wp","href":"https:\/\/api.w.org\/{rel}","templated":true}]}}