{"id":4013,"date":"2017-03-09T08:52:59","date_gmt":"2017-03-09T07:52:59","guid":{"rendered":"http:\/\/meier-gerdingh.de\/wp-spd-ob\/?p=4013"},"modified":"2017-03-10T09:00:05","modified_gmt":"2017-03-10T08:00:05","slug":"entlastung-fuer-kleine-betriebe-und-selbststaendige-sofortabschreibung-steigt-auf-800-euro","status":"publish","type":"post","link":"https:\/\/meier-gerdingh.de\/wp-spd-ob\/2017\/03\/09\/entlastung-fuer-kleine-betriebe-und-selbststaendige-sofortabschreibung-steigt-auf-800-euro\/","title":{"rendered":"Entlastung f\u00fcr kleine Betriebe und Selbstst\u00e4ndige: Sofortabschreibung steigt auf 800 Euro"},"content":{"rendered":"<div id=\"attachment_1681\" style=\"width: 150px\" class=\"wp-caption alignleft\"><a href=\"http:\/\/meier-gerdingh.de\/wp-spd-ob\/wp-content\/uploads\/voepel_dirk_mdb.jpg\"><img aria-describedby=\"caption-attachment-1681\" decoding=\"async\" class=\"size-full wp-image-1681\" src=\"http:\/\/meier-gerdingh.de\/wp-spd-ob\/wp-content\/uploads\/voepel_dirk_mdb.jpg\" alt=\"Dirk V\u00f6pel ist Bundestagsabgeordneter f\u00fcr Oberhausen und Dinslaken und Vorsitzender der Oberhausener SPD\" width=\"140\" height=\"180\" \/><\/a><p id=\"caption-attachment-1681\" class=\"wp-caption-text\">Dirk V\u00f6pel ist Bundestagsabgeordneter f\u00fcr Oberhausen und Dinslaken und Vorsitzender der Oberhausener SPD<\/p><\/div>\n<p><em>Wie der Bundestagsabgeordnete Dirk V\u00f6pel mitteilt, konnte die Gro\u00dfe Koalition in dieser Woche auf Initiative der SPD-Bundestagsfraktion eine Einigung \u00fcber die Abschreibungsm\u00f6glichkeiten geringwertiger Wirtschaftsg\u00fcter erzielen:<\/em><\/p>\n<p>Geringwertige Wirtschaftsg\u00fcter sind zum Beispiel Werkzeuge f\u00fcr den Betrieb oder Drucker, Kaffeemaschinen und sonstige kleinere Ger\u00e4te f\u00fcrs B\u00fcro. Uns geht es darum, dass gerade Handwerksbetriebe, kleine Mittelst\u00e4nder und Selbstst\u00e4ndige in die Lage versetzt werden, diese G\u00fcter ohne gr\u00f6\u00dferen b\u00fcrokratischen Aufwand sofort abzuschreiben. Bisher gab es daf\u00fcr eine Obergrenze von 410 Euro. Dieser Schwellenwert stammt aus dem Jahr 1964, also aus einer Zeit, in der man noch Schreibmaschinen abschrieb. Daher war eine Anpassung dringend erforderlich, um geringwertige G\u00fcter der heutigen Zeit, wie Smartphones und Tablets, abschreiben zu k\u00f6nnen.<!--more--><\/p>\n<p>Bei G\u00fctern \u00fcber 410 Euro kam bislang nur eine umst\u00e4ndliche Abschreibung \u00fcber mehrere Jahre in Betracht. Diese kostete besonders kleinere Betriebe Zeit und im Falle der Beauftragung eines Steuerberaters auch Geld. Ab dem 1. Januar 2018 soll die neue Regelung greifen. Das ist eine echte B\u00fcrokratie-Erleichterung und setzt Anreize f\u00fcr mehr Investitionen in die digitale Ausstattung.<\/p>\n","protected":false},"excerpt":{"rendered":"<p>Wie der Bundestagsabgeordnete Dirk V\u00f6pel mitteilt, konnte die Gro\u00dfe Koalition in dieser Woche auf Initiative der SPD-Bundestagsfraktion eine Einigung \u00fcber die Abschreibungsm\u00f6glichkeiten geringwertiger Wirtschaftsg\u00fcter erzielen: Geringwertige Wirtschaftsg\u00fcter sind zum Beispiel&hellip; <\/p>\n","protected":false},"author":1,"featured_media":0,"comment_status":"closed","ping_status":"closed","sticky":false,"template":"","format":"standard","meta":{"footnotes":""},"categories":[98],"tags":[1167,1168,1169,1170,1021],"quellen":[330],"class_list":["post-4013","post","type-post","status-publish","format-standard","hentry","category-finanzen","tag-abschreibung","tag-geringwertige-wirtschaftsgueter","tag-handwerk","tag-mittelstand","tag-steuern","quellen-mdb-dirk-voepel"],"_links":{"self":[{"href":"https:\/\/meier-gerdingh.de\/wp-spd-ob\/wp-json\/wp\/v2\/posts\/4013","targetHints":{"allow":["GET"]}}],"collection":[{"href":"https:\/\/meier-gerdingh.de\/wp-spd-ob\/wp-json\/wp\/v2\/posts"}],"about":[{"href":"https:\/\/meier-gerdingh.de\/wp-spd-ob\/wp-json\/wp\/v2\/types\/post"}],"author":[{"embeddable":true,"href":"https:\/\/meier-gerdingh.de\/wp-spd-ob\/wp-json\/wp\/v2\/users\/1"}],"replies":[{"embeddable":true,"href":"https:\/\/meier-gerdingh.de\/wp-spd-ob\/wp-json\/wp\/v2\/comments?post=4013"}],"version-history":[{"count":0,"href":"https:\/\/meier-gerdingh.de\/wp-spd-ob\/wp-json\/wp\/v2\/posts\/4013\/revisions"}],"wp:attachment":[{"href":"https:\/\/meier-gerdingh.de\/wp-spd-ob\/wp-json\/wp\/v2\/media?parent=4013"}],"wp:term":[{"taxonomy":"category","embeddable":true,"href":"https:\/\/meier-gerdingh.de\/wp-spd-ob\/wp-json\/wp\/v2\/categories?post=4013"},{"taxonomy":"post_tag","embeddable":true,"href":"https:\/\/meier-gerdingh.de\/wp-spd-ob\/wp-json\/wp\/v2\/tags?post=4013"},{"taxonomy":"quellen","embeddable":true,"href":"https:\/\/meier-gerdingh.de\/wp-spd-ob\/wp-json\/wp\/v2\/quellen?post=4013"}],"curies":[{"name":"wp","href":"https:\/\/api.w.org\/{rel}","templated":true}]}}