{"id":4014,"date":"2017-03-13T17:05:28","date_gmt":"2017-03-13T16:05:28","guid":{"rendered":"http:\/\/meier-gerdingh.de\/wp-spd-ob\/?p=4014"},"modified":"2017-03-14T13:30:09","modified_gmt":"2017-03-14T12:30:09","slug":"kulturpolitiker-tagen-im-stadtarchiv","status":"publish","type":"post","link":"https:\/\/meier-gerdingh.de\/wp-spd-ob\/2017\/03\/13\/kulturpolitiker-tagen-im-stadtarchiv\/","title":{"rendered":"Kulturpolitiker tagen im Stadtarchiv"},"content":{"rendered":"<div id=\"attachment_4015\" style=\"width: 730px\" class=\"wp-caption aligncenter\"><a href=\"http:\/\/meier-gerdingh.de\/wp-spd-ob\/wp-content\/uploads\/2017\/03\/klausur_ak_kultur_2017_1600.jpg\"><img aria-describedby=\"caption-attachment-4015\" decoding=\"async\" class=\"size-full wp-image-4015\" src=\"http:\/\/meier-gerdingh.de\/wp-spd-ob\/wp-content\/uploads\/2017\/03\/klausur_ak_kultur_2017.jpg\" alt=\"Mit Vertretern der Koalitionspartner und der Verwaltung tagte der Arbeitskreis Kultur der SPD-Fraktion am neuen Standort des Stadtarchivs in Lirich\" width=\"720\" height=\"309\" srcset=\"https:\/\/meier-gerdingh.de\/wp-spd-ob\/wp-content\/uploads\/2017\/03\/klausur_ak_kultur_2017.jpg 720w, https:\/\/meier-gerdingh.de\/wp-spd-ob\/wp-content\/uploads\/2017\/03\/klausur_ak_kultur_2017-300x129.jpg 300w\" sizes=\"(max-width: 720px) 100vw, 720px\" \/><\/a><p id=\"caption-attachment-4015\" class=\"wp-caption-text\">Mit Vertretern der Koalitionspartner und der Verwaltung tagte der Arbeitskreis Kultur der SPD-Fraktion am neuen Standort des Stadtarchivs in Lirich<\/p><\/div>\n<p>Auf ihrer Klausur in den R\u00e4umen des Stadtarchivs an der Eschenstra\u00dfe haben die Mitglieder des Arbeitskreises Kultur der SPD-Ratsfraktion \u00fcber Ziele und Aufgaben ihrer politischen Arbeit in den kommenden Monaten diskutiert. Kulturpolitiker der Koalitionspartner von FDP und Gr\u00fcnen waren ebenso zu Gast wie Vertreter der st\u00e4dtischen Kultureinrichtungen.<!--more--><\/p>\n<p>Lars Henrik Gass, Leiter der Kurzfilmtage, konnte die Politiker gleich mit einem Rekord beeindrucken: Knapp 7000 Filme, so viele wie niemals zuvor, seien f\u00fcr die kommenden Kurzfilmtage eingereicht worden. Erm\u00f6glicht wurde dies auch durch die fortschreitende Digitalisierung, mit deren Folgen und M\u00f6glichkeiten sich nicht nur die Macher des angesehenen Festivals auseinandersetzen m\u00fcssen: So reicht es heute, Beitr\u00e4ge lediglich per Online-Link einzureichen, was auch stark genutzt wird. Erreichten die Jury im vergangenen Jahr noch mehr als 1000 DVDs, so sei deren Zahl auf 140 gesunken, erkl\u00e4rte Gass.<\/p>\n<p>J\u00fcrgen Hennemann, Verwaltungsdirektor des Theaters Oberhausen, konnte den Arbeitskreismitgliedern von einer &#8222;sehr, sehr guten&#8220; Spielzeit berichten. Allerdings, so mahnte Hennemann, gebe es einen erheblichen Sanierungsbedarf, was die B\u00fchnenanlagen und Technik des Hauses am Will-Quadflieg-Platz betrifft.<\/p>\n<p>Der kulturpolitische Sprecher der SPD-Ratsfraktion, Manfred Flore, stellte angesichts der finanziellen Herausforderungen klar: &#8222;Unser Theaterbau, 1920 er\u00f6ffnet und 1949 wiederaufgebaut, ist f\u00fcr die Kultur und die B\u00fcrger in Oberhausen ein Zentrum und ein Kleinod, das erhalten werden muss. Darum ist die rechtzeitige Sanierung von Bausubstanz und Technik zum Erhalt des Geb\u00e4udes unabdingbar und eine richtige Investition in die Zukunft.&#8220;<\/p>\n<p>Gesa Reisz, Leiterin der Volkshochschule, skizzierte in ihrem Vortrag die M\u00f6glichkeit, mit dem Potenzial der VHS und der Stadtbibliothek aus dem Bert-Brecht-Haus ein &#8222;Bert-Brecht-Bildungszentrum&#8220; entstehen zu lassen, das den kommenden Anforderungen einer digitalisierten Bildungswelt Rechnung tr\u00e4gt. Angesichts dieser Entwicklung forderten die Arbeitskreis-Mitglieder, allen Kultureinrichtungen schnelles Internet zu erm\u00f6glichen.<\/p>\n<p>Diskussionen \u00fcber die k\u00fcnftige Ausrichtung der Gedenkhalle sowie \u00fcber Kunst im \u00f6ffentlichen Raum und die Entwicklung des Stadtarchivs rundeten die Klausur der Kulturpolitiker ab.<\/p>\n","protected":false},"excerpt":{"rendered":"<p>Auf ihrer Klausur in den R\u00e4umen des Stadtarchivs an der Eschenstra\u00dfe haben die Mitglieder des Arbeitskreises Kultur der SPD-Ratsfraktion \u00fcber Ziele und Aufgaben ihrer politischen Arbeit in den kommenden Monaten&hellip; <\/p>\n","protected":false},"author":1,"featured_media":0,"comment_status":"closed","ping_status":"closed","sticky":false,"template":"","format":"standard","meta":{"footnotes":""},"categories":[40],"tags":[309,1181,305,304,1182],"quellen":[326],"class_list":["post-4014","post","type-post","status-publish","format-standard","hentry","category-kultur","tag-ak-kultur","tag-kultureinrichtungen","tag-kurzfilmtage","tag-theater-oberhausen","tag-vhs","quellen-spd-fraktion-oberhausen"],"_links":{"self":[{"href":"https:\/\/meier-gerdingh.de\/wp-spd-ob\/wp-json\/wp\/v2\/posts\/4014","targetHints":{"allow":["GET"]}}],"collection":[{"href":"https:\/\/meier-gerdingh.de\/wp-spd-ob\/wp-json\/wp\/v2\/posts"}],"about":[{"href":"https:\/\/meier-gerdingh.de\/wp-spd-ob\/wp-json\/wp\/v2\/types\/post"}],"author":[{"embeddable":true,"href":"https:\/\/meier-gerdingh.de\/wp-spd-ob\/wp-json\/wp\/v2\/users\/1"}],"replies":[{"embeddable":true,"href":"https:\/\/meier-gerdingh.de\/wp-spd-ob\/wp-json\/wp\/v2\/comments?post=4014"}],"version-history":[{"count":0,"href":"https:\/\/meier-gerdingh.de\/wp-spd-ob\/wp-json\/wp\/v2\/posts\/4014\/revisions"}],"wp:attachment":[{"href":"https:\/\/meier-gerdingh.de\/wp-spd-ob\/wp-json\/wp\/v2\/media?parent=4014"}],"wp:term":[{"taxonomy":"category","embeddable":true,"href":"https:\/\/meier-gerdingh.de\/wp-spd-ob\/wp-json\/wp\/v2\/categories?post=4014"},{"taxonomy":"post_tag","embeddable":true,"href":"https:\/\/meier-gerdingh.de\/wp-spd-ob\/wp-json\/wp\/v2\/tags?post=4014"},{"taxonomy":"quellen","embeddable":true,"href":"https:\/\/meier-gerdingh.de\/wp-spd-ob\/wp-json\/wp\/v2\/quellen?post=4014"}],"curies":[{"name":"wp","href":"https:\/\/api.w.org\/{rel}","templated":true}]}}