{"id":403,"date":"2005-01-25T17:00:00","date_gmt":"2005-01-25T15:00:00","guid":{"rendered":"http:\/\/www.meier-gerdingh.de\/spd-oberhausen\/wp\/?p=403"},"modified":"2017-05-14T13:05:56","modified_gmt":"2017-05-14T11:05:56","slug":"spd-fraktion-beantragt-sachstandsbericht-zur-luftqualitaet-in-oberhausen","status":"publish","type":"post","link":"https:\/\/meier-gerdingh.de\/wp-spd-ob\/2005\/01\/25\/spd-fraktion-beantragt-sachstandsbericht-zur-luftqualitaet-in-oberhausen\/","title":{"rendered":"SPD-Fraktion beantragt Sachstandsbericht zur Luftqualit\u00e4t in Oberhausen"},"content":{"rendered":"<div style=\"width: 150px\" class=\"wp-caption alignleft\"><a href=\"http:\/\/meier-gerdingh.de\/wp-spd-ob\/wp-content\/uploads\/janssen_anne.jpg\"><img decoding=\"async\" class=\"size-full\" src=\"http:\/\/meier-gerdingh.de\/wp-spd-ob\/wp-content\/uploads\/janssen_anne.jpg\" alt=\"Anne Jan\u00dfen: Umweltpolitische Sprecherin und stellvertretende Vorsitzende der SPD-Fraktion\" width=\"140\" height=\"191\" \/><\/a><p class=\"wp-caption-text\">Anne Jan\u00dfen: Umweltpolitische Sprecherin und stellvertretende Vorsitzende der SPD-Fraktion<\/p><\/div>\n<p>Seit dem Jahreswechsel gelten aufgrund einer ge\u00e4nderten EU-Richtlinie europaweit neue Grenzwerte f\u00fcr Luftschadstoffe, insbesondere f\u00fcr Stickoxide und St\u00e4ube bzw. Dieselru\u00df. In einigen Medienberichten wurde in den letzten Wochen \u00fcber m\u00f6gliche Verletzungen dieser Grenzwerte vor allem in st\u00e4dtischen Ballungsgebieten wie dem Ruhrgebiet spekuliert. Um eine fundierte Bewertung der Oberhausener Situation im Bereich Luftreinhaltung und Luftqualit\u00e4t zu erm\u00f6glichen, hat die SPD-Fraktion einen entsprechenden Tagesordnungspunkt f\u00fcr die M\u00e4rz-Sitzung des Umweltausschusses beantragt und die Verwaltung mit umfassender Berichterstattung zur Thematik beauftragt.<!--more--><\/p>\n<p>Anne Jan\u00dfen, umweltpolitische Sprecherin der SPD-Fraktion, erwartet von der Verwaltung neben einer Darstellung der ver\u00e4nderten Rechtsgrundlagen auf EU-Ebene vor allem Ausk\u00fcnfte \u00fcber die tats\u00e4chliche Luftbelastung in Oberhausen. Au\u00dferdem soll die Verwaltung den m\u00f6glicherweise erforderlichen Handlungsbedarf sowie kommunalpolitische Handlungsans\u00e4tze aufzeigen.<\/p>\n<p>Als wesentliche Ursache f\u00fcr Luftbelastungen mit Stickoxiden und Feinst\u00e4uben wird vor allem der zunehmende PKW- und LKW-Verkehr genannt. Dieser ist aber zugleich einer der Hauptverursacher von L\u00e4rmbel\u00e4stigungen. Deshalb sei es in diesem Zusammenhang sinnvoll, so Anne Jan\u00dfen, auch das Problem der L\u00e4rmimmissionen zu behandeln. &#8222;Unser Ziel ist die Erarbeitung ein Fahrplan mit konkreten Schritten zur nachhaltigen Bew\u00e4ltigung von Luft- und L\u00e4rmbelastungen im Stadtgebiet.&#8220;<\/p>\n","protected":false},"excerpt":{"rendered":"<p>Seit dem Jahreswechsel gelten aufgrund einer ge\u00e4nderten EU-Richtlinie europaweit neue Grenzwerte f\u00fcr Luftschadstoffe, insbesondere f\u00fcr Stickoxide und St\u00e4ube bzw. Dieselru\u00df. In einigen Medienberichten wurde in den letzten Wochen \u00fcber m\u00f6gliche&hellip; <\/p>\n","protected":false},"author":1,"featured_media":0,"comment_status":"closed","ping_status":"closed","sticky":false,"template":"","format":"standard","meta":{"footnotes":""},"categories":[1],"tags":[],"quellen":[],"class_list":["post-403","post","type-post","status-publish","format-standard","hentry","category-allgemein"],"_links":{"self":[{"href":"https:\/\/meier-gerdingh.de\/wp-spd-ob\/wp-json\/wp\/v2\/posts\/403","targetHints":{"allow":["GET"]}}],"collection":[{"href":"https:\/\/meier-gerdingh.de\/wp-spd-ob\/wp-json\/wp\/v2\/posts"}],"about":[{"href":"https:\/\/meier-gerdingh.de\/wp-spd-ob\/wp-json\/wp\/v2\/types\/post"}],"author":[{"embeddable":true,"href":"https:\/\/meier-gerdingh.de\/wp-spd-ob\/wp-json\/wp\/v2\/users\/1"}],"replies":[{"embeddable":true,"href":"https:\/\/meier-gerdingh.de\/wp-spd-ob\/wp-json\/wp\/v2\/comments?post=403"}],"version-history":[{"count":0,"href":"https:\/\/meier-gerdingh.de\/wp-spd-ob\/wp-json\/wp\/v2\/posts\/403\/revisions"}],"wp:attachment":[{"href":"https:\/\/meier-gerdingh.de\/wp-spd-ob\/wp-json\/wp\/v2\/media?parent=403"}],"wp:term":[{"taxonomy":"category","embeddable":true,"href":"https:\/\/meier-gerdingh.de\/wp-spd-ob\/wp-json\/wp\/v2\/categories?post=403"},{"taxonomy":"post_tag","embeddable":true,"href":"https:\/\/meier-gerdingh.de\/wp-spd-ob\/wp-json\/wp\/v2\/tags?post=403"},{"taxonomy":"quellen","embeddable":true,"href":"https:\/\/meier-gerdingh.de\/wp-spd-ob\/wp-json\/wp\/v2\/quellen?post=403"}],"curies":[{"name":"wp","href":"https:\/\/api.w.org\/{rel}","templated":true}]}}