{"id":404,"date":"2005-01-27T17:00:00","date_gmt":"2005-01-27T15:00:00","guid":{"rendered":"http:\/\/www.meier-gerdingh.de\/spd-oberhausen\/wp\/?p=404"},"modified":"2017-05-14T13:05:32","modified_gmt":"2017-05-14T11:05:32","slug":"spd-wuerdigt-erfolgreiches-jahr-2004","status":"publish","type":"post","link":"https:\/\/meier-gerdingh.de\/wp-spd-ob\/2005\/01\/27\/spd-wuerdigt-erfolgreiches-jahr-2004\/","title":{"rendered":"SPD w\u00fcrdigt erfolgreiches Jahr 2004"},"content":{"rendered":"<div style=\"width: 150px\" class=\"wp-caption alignleft\"><a href=\"http:\/\/meier-gerdingh.de\/wp-spd-ob\/wp-content\/uploads\/motschull_frank.jpg\"><img decoding=\"async\" class=\"size-full\" src=\"http:\/\/meier-gerdingh.de\/wp-spd-ob\/wp-content\/uploads\/motschull_frank.jpg\" alt=\"Alter und neuer Vorsitzender des SPD-Ortsvereins Oberhausen-Ost: Frank Motschull\" width=\"140\" height=\"191\" \/><\/a><p class=\"wp-caption-text\">Alter und neuer Vorsitzender des SPD-Ortsvereins Oberhausen-Ost: Frank Motschull<\/p><\/div>\n<p>Auf ein erfolgreiches Kommunalwahljahr 2004 blickte der SPD-Ortsverein Oberhausen-Ost bei seiner Jahreshauptversammlung am 18.01. zur\u00fcck. Vor der mit 60 Teilnehmern sehr gut besuchten Versammlung dankte der Ortsvereinsvorsitzende Frank Motschull den zahlreichen engagierten Wahlhelfern f\u00fcr den gro\u00dfen Einsatz im zur\u00fcckliegenden Kommunalwahlkampf. Motschull hob hervor, dass die Geschlossenheit der SPD vor Ort und die Pr\u00e4senz f\u00fcr den B\u00fcrger wesentliche Voraussetzungen daf\u00fcr gewesen seien, die absolute SPD-Mehrheit in Oberhausen zu verteidigen.<!--more--><\/p>\n<p>Wichtiger weiterer H\u00f6hepunkt der Parteiarbeit im Ortsverein sei, so Motschull, die Gr\u00fcndung der Arbeitsgemeinschaft 60 plus und ihr imponierender Start. Zahlreiche Veranstaltungen mit bis zu 100 Teilnehmern, besucht von Parteimitgliedern und ihren zahlreichen Freundinnen und Freunden w\u00fcrden belegen, wie lebendig politische Arbeit sein k\u00f6nne. Der Dank ging insbesondere an den Leiter der AG 60 plus, Erwin Stroh, und seine Mitstreiter.<\/p>\n<p>Anschlie\u00dfend zog Oberb\u00fcrgermeister Klaus Wehling eine beeindruckende Bilanz \u00fcber die ersten 100 Tage seiner Amtszeit. Die Arbeit sei mehr, aber auch vielschichtiger und noch interessanter als erwartet. Mit den gro\u00dfen Themen soziale, familienfreundliche Stadt sowie Wirtschaft und Arbeit wolle er der Verwaltung f\u00fcr die kommenden f\u00fcnf Jahre Richtung und Zusammenhalt geben.<\/p>\n<p>Gerade f\u00fcr die Verfolgung solcher Querschnittsaufgaben sei das Team-Spielen wichtig. Das pflege er mit Politik und den Kolleginnen und Kollegen in der Verwaltung. Klaus Wehling freute sich dar\u00fcber, mit Hilfe seiner offenen Gespr\u00e4che mit den Oberb\u00fcrgermeisterinnen und Oberb\u00fcrgermeistern der Nachbarst\u00e4dte sowie mit vielen Mitgliedern der Landesregierung nach den Turbulenzen des Centro-Erweiterungs-Beschlusses nun wieder offene Ohren f\u00fcr die Oberhausener Interessen gefunden zu haben. Davon profitiere ganz entscheidend auch O.VISION, das nun bald nach Br\u00fcssel gehen werde.<\/p>\n<p>SPD-Landesgeneralsekret\u00e4r Mike Groschek stellte mit den Themen Bildung und Strukturwandel zentrale Schwerpunkte der Partei und der Landesregierung im beginnenden Landtagswahl-kampf dar. K\u00e4mpferisch stimmte er die Versammlung darauf ein, dass der politische Gegner mit Rundumschl\u00e4gen ohne inhaltliches Profil versuche, W\u00e4hlerinnen und W\u00e4hler zu gewinnen. Dabei habe die CDU im Land weder personell noch inhaltlich eine Alternative zu bieten.<\/p>\n<p>Bei den Wahlen zum Vorstand wurde der engere Vorstand mit dem Vorsitzenden Fank Motschull, Stellvertretern Klaus Wehling und Vertreterin Ingrid Savilius, sowie Gesch\u00e4ftsf\u00fchrer Hans-Georg Po\u00df und Kassierer Horst Wolter best\u00e4tigt. Weiter wurden gew\u00e4hlt: Roland Fitze und Magnus Dellwig (Presse), D\u00f6rte Delberg, Regina Dre\u00dfler und Nicole Kenzer (Schriftf\u00fchrer), Friedhelm Pascheberg (Wahlkampfbeauftragter) sowie als Beisitzer Corinna Behrends, Helmut Buschhausen, Horst Fa\u00dfbender, Erik Fechner, Michael Groschek, Walburga Grunauer, Margit Klein, Klaus Knichel, Hartwig Kompa, Dierk Mari\u00dfen, Klaus Oberschewen, Rene Pascheberg und Ulrike Will.<\/p>\n","protected":false},"excerpt":{"rendered":"<p>Auf ein erfolgreiches Kommunalwahljahr 2004 blickte der SPD-Ortsverein Oberhausen-Ost bei seiner Jahreshauptversammlung am 18.01. zur\u00fcck. Vor der mit 60 Teilnehmern sehr gut besuchten Versammlung dankte der Ortsvereinsvorsitzende Frank Motschull den&hellip; <\/p>\n","protected":false},"author":1,"featured_media":0,"comment_status":"closed","ping_status":"closed","sticky":false,"template":"","format":"standard","meta":{"footnotes":""},"categories":[1],"tags":[],"quellen":[],"class_list":["post-404","post","type-post","status-publish","format-standard","hentry","category-allgemein"],"_links":{"self":[{"href":"https:\/\/meier-gerdingh.de\/wp-spd-ob\/wp-json\/wp\/v2\/posts\/404","targetHints":{"allow":["GET"]}}],"collection":[{"href":"https:\/\/meier-gerdingh.de\/wp-spd-ob\/wp-json\/wp\/v2\/posts"}],"about":[{"href":"https:\/\/meier-gerdingh.de\/wp-spd-ob\/wp-json\/wp\/v2\/types\/post"}],"author":[{"embeddable":true,"href":"https:\/\/meier-gerdingh.de\/wp-spd-ob\/wp-json\/wp\/v2\/users\/1"}],"replies":[{"embeddable":true,"href":"https:\/\/meier-gerdingh.de\/wp-spd-ob\/wp-json\/wp\/v2\/comments?post=404"}],"version-history":[{"count":0,"href":"https:\/\/meier-gerdingh.de\/wp-spd-ob\/wp-json\/wp\/v2\/posts\/404\/revisions"}],"wp:attachment":[{"href":"https:\/\/meier-gerdingh.de\/wp-spd-ob\/wp-json\/wp\/v2\/media?parent=404"}],"wp:term":[{"taxonomy":"category","embeddable":true,"href":"https:\/\/meier-gerdingh.de\/wp-spd-ob\/wp-json\/wp\/v2\/categories?post=404"},{"taxonomy":"post_tag","embeddable":true,"href":"https:\/\/meier-gerdingh.de\/wp-spd-ob\/wp-json\/wp\/v2\/tags?post=404"},{"taxonomy":"quellen","embeddable":true,"href":"https:\/\/meier-gerdingh.de\/wp-spd-ob\/wp-json\/wp\/v2\/quellen?post=404"}],"curies":[{"name":"wp","href":"https:\/\/api.w.org\/{rel}","templated":true}]}}