{"id":4053,"date":"2017-03-23T09:22:42","date_gmt":"2017-03-23T08:22:42","guid":{"rendered":"http:\/\/meier-gerdingh.de\/wp-spd-ob\/?p=4053"},"modified":"2017-03-24T09:26:45","modified_gmt":"2017-03-24T08:26:45","slug":"kita-kernzeit-beitragsfrei-machen","status":"publish","type":"post","link":"https:\/\/meier-gerdingh.de\/wp-spd-ob\/2017\/03\/23\/kita-kernzeit-beitragsfrei-machen\/","title":{"rendered":"&#8222;Kita-Kernzeit beitragsfrei machen&#8220;"},"content":{"rendered":"<p><a href=\"http:\/\/meier-gerdingh.de\/wp-spd-ob\/wp-content\/uploads\/2017\/03\/banner_postos_bahnhof_17_03_20.jpg\"><img decoding=\"async\" class=\"aligncenter size-full wp-image-4017\" src=\"http:\/\/meier-gerdingh.de\/wp-spd-ob\/wp-content\/uploads\/2017\/03\/banner_postos_bahnhof_17_03_20.jpg\" alt=\"\" width=\"640\" height=\"460\" srcset=\"https:\/\/meier-gerdingh.de\/wp-spd-ob\/wp-content\/uploads\/2017\/03\/banner_postos_bahnhof_17_03_20.jpg 640w, https:\/\/meier-gerdingh.de\/wp-spd-ob\/wp-content\/uploads\/2017\/03\/banner_postos_bahnhof_17_03_20-300x216.jpg 300w\" sizes=\"(max-width: 640px) 100vw, 640px\" \/><\/a><em>Apostolos Tsalastras hatte Christina Kampmann eingeladen, die mit 36 Jahren j\u00fcngste Landesministerin, und hat mit ihr 90 vergn\u00fcgliche Minuten in &#8222;Postos Bahnhof&#8220; verbracht.<\/em><\/p>\n<p>&#8222;Als Hannelore Kraft mich angerufen hat, hatte ich gedacht, dass das Alter keine Rolle spielt&#8220;, erinnerte sich Christina Kampmann an ihre Berufung. Die Presse thematisiere das Alter hingegen sehr oft, bei einem Mann w\u00fcrde sie das nicht tun, ist Kampmann \u00fcberzeugt. &#8222;Politik muss von Menschen aller Generationen gemacht werden.&#8220; Dass ihr Ministerium ein so gro\u00dfes Feld umfasst \u2013 Familie, Kinder, Jugend, Kultur und Sport \u2013 mache ihr gro\u00dfe Freude. &#8222;Ich bin in die Kitas gefahren, habe mir viele Kultureinrichtungen angeschaut und gehe in die Sportvereine&#8220;, erz\u00e4hlte sie von ihren ersten Schritten im Ministerium.<!--more--><\/p>\n<p>Apostolos Tsalastras, der mit seiner Gespr\u00e4chsreihe wegen des Bahnhofsumbaus ins &#8222;Gdanska&#8220; umgezogen ist, lobte die Kulturministerin Kampmann f\u00fcr den Kulturf\u00f6rderplan des Landes. Er freute sich \u00fcber eine weiter Unterst\u00fctzung der \u00f6rtlichen Szene, insbesondere das Theater Oberhausen.<\/p>\n<p>Der scheidende Intendant Peter Carp, der im Publikum sa\u00df, lobte, dass es in NRW eine Kultur des Austausches gibt und er immer &#8222;zugewandte Gespr\u00e4chspartner&#8220; gefunden habe. Christina Kampmann m\u00f6chte, dass die Kultur verst\u00e4rkt in die digitale Zukunft gehe. &#8222;Das Urheberrecht m\u00fcssen wir ver\u00e4ndern, aber nicht zulasten der Urheber&#8220;, sagte sie zu Ideen, beispielsweise Theaterst\u00fccke im Internet zu streamen.<\/p>\n<p>&#8222;Wir wollen Kitas in einer Kernzeit von 30 Stunden beitragsfrei machen&#8220;, beschrieb Kampmann die Position der NRW-SPD, die auf Ablehnung bei der Opposition und den Gr\u00fcnen st\u00f6\u00dft. Der SPD-Finanzexperte Stefan Zimkeit erg\u00e4nzte: &#8222;In St\u00e4dten, die es sich leisten k\u00f6nnen, etwa in D\u00fcsseldorf, sind die Kita-Geb\u00fchren schon jetzt bei null. Das ist ungerecht.&#8220;<\/p>\n<p>Er betonte, dass es um Qualit\u00e4tsverbesserung in den Kitas durch mehr Personal und die gezielte Entlastung der Familien gehe. &#8222;F\u00fcr beides steht die SPD.&#8220;<\/p>\n<p>Landtagskandidatin Sonja Bongers wies darauf hin, dass kostenfreie Kitas f\u00fcr junge M\u00fctter sehr wichtig seien, f\u00fcr die sich ein Berufseinstieg aus finanziellen Gr\u00fcnden ansonsten kaum lohne.<\/p>\n<p>&#8222;&#8218;Kein Kind zur\u00fccklassen&#8216; hat Vorbildcharakter&#8220;, stellte Christina Kampmann ein Kernprojekt der Landesregierung vor, das inzwischen auch im Ausland Beachtung finde. F\u00fcr solch ein Programm brauche es Mut, sagte sie, denn die Einsparungen durch verbesserte Vorbeugung werde es nicht nach zwei oder drei Jahren geben. &#8222;Aber am Ende wird es den Kindern zu Gute kommen&#8220;, ist Kampmann \u00fcberzeugt.<\/p>\n","protected":false},"excerpt":{"rendered":"<p>Apostolos Tsalastras hatte Christina Kampmann eingeladen, die mit 36 Jahren j\u00fcngste Landesministerin, und hat mit ihr 90 vergn\u00fcgliche Minuten in &#8222;Postos Bahnhof&#8220; verbracht. &#8222;Als Hannelore Kraft mich angerufen hat, hatte&hellip; <\/p>\n","protected":false},"author":1,"featured_media":0,"comment_status":"closed","ping_status":"closed","sticky":false,"template":"","format":"standard","meta":{"footnotes":""},"categories":[216,171],"tags":[1186,1187,604,941,165,414,304],"quellen":[331],"class_list":["post-4053","post","type-post","status-publish","format-standard","hentry","category-land","category-veranstaltungen","tag-christina-kampmann","tag-kein-kind-zuruecklassen","tag-kindertagesstaetten","tag-kita-beitraege","tag-kitas","tag-postos-bahnhof","tag-theater-oberhausen","quellen-mdl-stefan-zimkeit"],"_links":{"self":[{"href":"https:\/\/meier-gerdingh.de\/wp-spd-ob\/wp-json\/wp\/v2\/posts\/4053","targetHints":{"allow":["GET"]}}],"collection":[{"href":"https:\/\/meier-gerdingh.de\/wp-spd-ob\/wp-json\/wp\/v2\/posts"}],"about":[{"href":"https:\/\/meier-gerdingh.de\/wp-spd-ob\/wp-json\/wp\/v2\/types\/post"}],"author":[{"embeddable":true,"href":"https:\/\/meier-gerdingh.de\/wp-spd-ob\/wp-json\/wp\/v2\/users\/1"}],"replies":[{"embeddable":true,"href":"https:\/\/meier-gerdingh.de\/wp-spd-ob\/wp-json\/wp\/v2\/comments?post=4053"}],"version-history":[{"count":0,"href":"https:\/\/meier-gerdingh.de\/wp-spd-ob\/wp-json\/wp\/v2\/posts\/4053\/revisions"}],"wp:attachment":[{"href":"https:\/\/meier-gerdingh.de\/wp-spd-ob\/wp-json\/wp\/v2\/media?parent=4053"}],"wp:term":[{"taxonomy":"category","embeddable":true,"href":"https:\/\/meier-gerdingh.de\/wp-spd-ob\/wp-json\/wp\/v2\/categories?post=4053"},{"taxonomy":"post_tag","embeddable":true,"href":"https:\/\/meier-gerdingh.de\/wp-spd-ob\/wp-json\/wp\/v2\/tags?post=4053"},{"taxonomy":"quellen","embeddable":true,"href":"https:\/\/meier-gerdingh.de\/wp-spd-ob\/wp-json\/wp\/v2\/quellen?post=4053"}],"curies":[{"name":"wp","href":"https:\/\/api.w.org\/{rel}","templated":true}]}}