{"id":4064,"date":"2017-03-25T11:28:05","date_gmt":"2017-03-25T10:28:05","guid":{"rendered":"http:\/\/meier-gerdingh.de\/wp-spd-ob\/?p=4064"},"modified":"2017-03-26T11:54:30","modified_gmt":"2017-03-26T09:54:30","slug":"spd-ortsverein-oberhausen-west-bei-super-sauber-oberhausen","status":"publish","type":"post","link":"https:\/\/meier-gerdingh.de\/wp-spd-ob\/2017\/03\/25\/spd-ortsverein-oberhausen-west-bei-super-sauber-oberhausen\/","title":{"rendered":"SPD-Ortsverein Oberhausen-West bei &#8222;Super Sauber Oberhausen&#8220;"},"content":{"rendered":"<div id=\"attachment_4065\" style=\"width: 730px\" class=\"wp-caption aligncenter\"><a href=\"http:\/\/meier-gerdingh.de\/wp-spd-ob\/wp-content\/uploads\/2017\/03\/ov_west_17_03_25_super_sauber_oberhausen_1200.jpg\"><img aria-describedby=\"caption-attachment-4065\" decoding=\"async\" class=\"size-full wp-image-4065\" src=\"http:\/\/meier-gerdingh.de\/wp-spd-ob\/wp-content\/uploads\/2017\/03\/ov_west_17_03_25_super_sauber_oberhausen.jpg\" alt=\"\" width=\"720\" height=\"444\" srcset=\"https:\/\/meier-gerdingh.de\/wp-spd-ob\/wp-content\/uploads\/2017\/03\/ov_west_17_03_25_super_sauber_oberhausen.jpg 720w, https:\/\/meier-gerdingh.de\/wp-spd-ob\/wp-content\/uploads\/2017\/03\/ov_west_17_03_25_super_sauber_oberhausen-300x185.jpg 300w\" sizes=\"(max-width: 720px) 100vw, 720px\" \/><\/a><p id=\"caption-attachment-4065\" class=\"wp-caption-text\">Von links: Rebecca Fehrenberg, J\u00fcrgen Grefermann, Emil Heitmann, Alexis Heitmann, Thomas Beuler, Ortsvereinsvorsitzende Sandra Jungmaier, Landtagskandidatin Sonja Bongers, Ralf Bohnes<\/p><\/div>\n<p><em>Der SPD-Ortsverein Oberhausen-West hat sich in diesem Jahr erstmals an der Aktion &#8222;Super Sauber Oberhausen&#8220; beteiligt. Zehn Genossinnen und Genossen brachten am Samstag, 25. M\u00e4rz 2017, das Areal rund um das Stadtarchiv in Lirich auf Vordermann.<\/em><\/p>\n<p>&#8222;Wir hatten schon vor einiger Zeit beschlossen, uns in diesem Jahr an der Aktion zu beteiligen&#8220;, sagt die stellvertretende Ortsvereinsvorsitzende Sonja Bongers. &#8222;Allerdings \u00fcberlegten wir noch, welchen Ort wir f\u00fcr unsere Putzaktion ausw\u00e4hlen sollten. In einem der letzten Stadtteilgespr\u00e4che unseres Ortsvereins wurde uns von B\u00fcrgerinnen und B\u00fcrgern berichtet, dass der Bereich rund um das Stadtarchiv stark verm\u00fcllt sei. Normalerweise stellen wir in so einer Situation den Kontakt zu den Wirtschaftsbetrieben Oberhausen her, die dann meist schnell Abhilfe schaffen. Da aber &#8218;Super Sauber Oberhausen&#8216; vor der T\u00fcr stand, wollten wir selbst zu Besen und Kneifzange greifen und haben den Ort fr\u00fchlingsfrisch gemacht!&#8220;<!--more--><\/p>\n<p>Dabei hatte die Putz-Truppe Gl\u00fcck mit dem Wetter: Bei herrlichem Sonnenschein fiel das Arbeiten besonders leicht. &#8222;&#8218;Super Sauber Oberhausen&#8216; ist eine wirklich tolle Aktion von Stadtverwaltung und WBO. Unser Dank geht an die Organisatoren, die die Aktion auch in diesem Jahr wieder m\u00f6glich gemacht haben!&#8220;, zieht Ortsvereinsvorsitzende Sandra Jungmaier am Ende des Tages ein rundum zufriedenes Fazit.<\/p>\n","protected":false},"excerpt":{"rendered":"<p>Der SPD-Ortsverein Oberhausen-West hat sich in diesem Jahr erstmals an der Aktion &#8222;Super Sauber Oberhausen&#8220; beteiligt. Zehn Genossinnen und Genossen brachten am Samstag, 25. M\u00e4rz 2017, das Areal rund um&hellip; <\/p>\n","protected":false},"author":1,"featured_media":0,"comment_status":"closed","ping_status":"closed","sticky":false,"template":"","format":"standard","meta":{"footnotes":""},"categories":[596,29],"tags":[183,212,115,43],"quellen":[335],"class_list":["post-4064","post","type-post","status-publish","format-standard","hentry","category-ehrenamtliches-engagement","category-umwelt","tag-lirich","tag-stadtarchiv","tag-super-sauber-oberhausen","tag-wbo","quellen-ov-west"],"_links":{"self":[{"href":"https:\/\/meier-gerdingh.de\/wp-spd-ob\/wp-json\/wp\/v2\/posts\/4064","targetHints":{"allow":["GET"]}}],"collection":[{"href":"https:\/\/meier-gerdingh.de\/wp-spd-ob\/wp-json\/wp\/v2\/posts"}],"about":[{"href":"https:\/\/meier-gerdingh.de\/wp-spd-ob\/wp-json\/wp\/v2\/types\/post"}],"author":[{"embeddable":true,"href":"https:\/\/meier-gerdingh.de\/wp-spd-ob\/wp-json\/wp\/v2\/users\/1"}],"replies":[{"embeddable":true,"href":"https:\/\/meier-gerdingh.de\/wp-spd-ob\/wp-json\/wp\/v2\/comments?post=4064"}],"version-history":[{"count":0,"href":"https:\/\/meier-gerdingh.de\/wp-spd-ob\/wp-json\/wp\/v2\/posts\/4064\/revisions"}],"wp:attachment":[{"href":"https:\/\/meier-gerdingh.de\/wp-spd-ob\/wp-json\/wp\/v2\/media?parent=4064"}],"wp:term":[{"taxonomy":"category","embeddable":true,"href":"https:\/\/meier-gerdingh.de\/wp-spd-ob\/wp-json\/wp\/v2\/categories?post=4064"},{"taxonomy":"post_tag","embeddable":true,"href":"https:\/\/meier-gerdingh.de\/wp-spd-ob\/wp-json\/wp\/v2\/tags?post=4064"},{"taxonomy":"quellen","embeddable":true,"href":"https:\/\/meier-gerdingh.de\/wp-spd-ob\/wp-json\/wp\/v2\/quellen?post=4064"}],"curies":[{"name":"wp","href":"https:\/\/api.w.org\/{rel}","templated":true}]}}