{"id":4067,"date":"2017-03-24T15:35:57","date_gmt":"2017-03-24T14:35:57","guid":{"rendered":"http:\/\/meier-gerdingh.de\/wp-spd-ob\/?p=4067"},"modified":"2017-03-26T15:41:35","modified_gmt":"2017-03-26T13:41:35","slug":"landtagsausschuss-diskutiert-ueber-qualitaet-in-den-kitas-und-gebuehrenfreiheit","status":"publish","type":"post","link":"https:\/\/meier-gerdingh.de\/wp-spd-ob\/2017\/03\/24\/landtagsausschuss-diskutiert-ueber-qualitaet-in-den-kitas-und-gebuehrenfreiheit\/","title":{"rendered":"Landtagsausschuss diskutiert \u00fcber Qualit\u00e4t in den Kitas und Geb\u00fchrenfreiheit"},"content":{"rendered":"<div id=\"attachment_1707\" style=\"width: 150px\" class=\"wp-caption alignleft\"><a href=\"http:\/\/meier-gerdingh.de\/wp-spd-ob\/wp-content\/uploads\/zimkeit_stefan_12.jpg\"><img aria-describedby=\"caption-attachment-1707\" decoding=\"async\" class=\"size-full wp-image-1707\" src=\"http:\/\/meier-gerdingh.de\/wp-spd-ob\/wp-content\/uploads\/zimkeit_stefan_12.jpg\" alt=\"\" width=\"140\" height=\"169\" \/><\/a><p id=\"caption-attachment-1707\" class=\"wp-caption-text\">Stefan Zimkeit ist Mitglied des Landtags von Nordrhein-Westfalen und finanzpolitischer Sprecher der SPD-Landtagsfraktion<\/p><\/div>\n<p>&#8222;Die SPD wird die Qualit\u00e4t in den Kitas weiter verbessern und die Kindergartengeb\u00fchren abschaffen&#8220;, erkl\u00e4rte Stefan Zimkeit nach der Sitzung des Landtagsausschusses f\u00fcr Familie und Kinder. Ministerin Christina Kampmann hatte dem Ausschuss die Eckpunkte f\u00fcr ein neues Kita-Gesetz vorgestellt, das mehr Personal, mehr Pl\u00e4tze, verbesserte \u00d6ffnungszeiten sowie die Abschaffung der Kita-Geb\u00fchren vorsieht, um Familien zu entlasten.<!--more--><\/p>\n<p>&#8222;Damit werden wir den bisher eingeschlagen Weg konsequent fortsetzen, in die Zukunft unserer Kinder zu investieren&#8220;, so Stefan Zimkeit. Die SPD-gef\u00fchrte Landtagskoalition habe seit 2010 die Mittel f\u00fcr die Kitas von 1,3 auf 2,8 Milliarden Euro mehr als verdoppelt.<\/p>\n<p>Besonders wichtig ist es aus Zimkeits Sicht, die Gelder nicht mit der Gie\u00dfkanne zu verteilen. &#8222;Einrichtungen mit gr\u00f6\u00dferem Unterst\u00fctzungsbedarf bekommen mehr p\u00e4dagogisches Personal, davon profitieren in Oberhausen zurzeit 22 Kitas.&#8220; Der SPD-Finanzexperte k\u00fcndigte an, dass er trotz Kritik aus der Opposition am Prinzip &#8222;Ungleiches ungleich behandeln&#8220; festhalten werde.<\/p>\n","protected":false},"excerpt":{"rendered":"<p>&#8222;Die SPD wird die Qualit\u00e4t in den Kitas weiter verbessern und die Kindergartengeb\u00fchren abschaffen&#8220;, erkl\u00e4rte Stefan Zimkeit nach der Sitzung des Landtagsausschusses f\u00fcr Familie und Kinder. Ministerin Christina Kampmann hatte&hellip; <\/p>\n","protected":false},"author":1,"featured_media":0,"comment_status":"closed","ping_status":"closed","sticky":false,"template":"","format":"standard","meta":{"footnotes":""},"categories":[179,216],"tags":[605,941,877,778,1201,165],"quellen":[331],"class_list":["post-4067","post","type-post","status-publish","format-standard","hentry","category-kinder-und-jugendliche","category-land","tag-kindergaerten","tag-kita-beitraege","tag-kita-beitragsfreiheit","tag-kita-gebuehren","tag-kita-gesetz","tag-kitas","quellen-mdl-stefan-zimkeit"],"_links":{"self":[{"href":"https:\/\/meier-gerdingh.de\/wp-spd-ob\/wp-json\/wp\/v2\/posts\/4067","targetHints":{"allow":["GET"]}}],"collection":[{"href":"https:\/\/meier-gerdingh.de\/wp-spd-ob\/wp-json\/wp\/v2\/posts"}],"about":[{"href":"https:\/\/meier-gerdingh.de\/wp-spd-ob\/wp-json\/wp\/v2\/types\/post"}],"author":[{"embeddable":true,"href":"https:\/\/meier-gerdingh.de\/wp-spd-ob\/wp-json\/wp\/v2\/users\/1"}],"replies":[{"embeddable":true,"href":"https:\/\/meier-gerdingh.de\/wp-spd-ob\/wp-json\/wp\/v2\/comments?post=4067"}],"version-history":[{"count":0,"href":"https:\/\/meier-gerdingh.de\/wp-spd-ob\/wp-json\/wp\/v2\/posts\/4067\/revisions"}],"wp:attachment":[{"href":"https:\/\/meier-gerdingh.de\/wp-spd-ob\/wp-json\/wp\/v2\/media?parent=4067"}],"wp:term":[{"taxonomy":"category","embeddable":true,"href":"https:\/\/meier-gerdingh.de\/wp-spd-ob\/wp-json\/wp\/v2\/categories?post=4067"},{"taxonomy":"post_tag","embeddable":true,"href":"https:\/\/meier-gerdingh.de\/wp-spd-ob\/wp-json\/wp\/v2\/tags?post=4067"},{"taxonomy":"quellen","embeddable":true,"href":"https:\/\/meier-gerdingh.de\/wp-spd-ob\/wp-json\/wp\/v2\/quellen?post=4067"}],"curies":[{"name":"wp","href":"https:\/\/api.w.org\/{rel}","templated":true}]}}