{"id":407,"date":"2005-01-31T17:00:00","date_gmt":"2005-01-31T15:00:00","guid":{"rendered":"http:\/\/www.meier-gerdingh.de\/spd-oberhausen\/wp\/?p=407"},"modified":"2017-05-14T13:05:15","modified_gmt":"2017-05-14T11:05:15","slug":"prioritaet-bildung","status":"publish","type":"post","link":"https:\/\/meier-gerdingh.de\/wp-spd-ob\/2005\/01\/31\/prioritaet-bildung\/","title":{"rendered":"Priorit\u00e4t Bildung"},"content":{"rendered":"<div style=\"width: 150px\" class=\"wp-caption alignleft\"><a href=\"http:\/\/meier-gerdingh.de\/wp-spd-ob\/wp-content\/uploads\/zimkeit_stefan.jpg\"><img decoding=\"async\" class=\"size-full\" src=\"http:\/\/meier-gerdingh.de\/wp-spd-ob\/wp-content\/uploads\/zimkeit_stefan.jpg\" alt=\"Stefan Zimkeit ist stellvertretender Vorsitzender und schulpolitischer Sprecher der SPD-Fraktion\" width=\"140\" height=\"191\" \/><\/a><p class=\"wp-caption-text\">Stefan Zimkeit ist stellvertretender Vorsitzender und schulpolitischer Sprecher der SPD-Fraktion<\/p><\/div>\n<p>Die SPD will das Erfolgsmodell &#8222;Offene Ganztagsgrundschule&#8220; qualitativ und quantitativ weiterentwickeln und so die F\u00f6rderung und Betreuung von Sch\u00fclerinnen und Sch\u00fclern weiter verbessern. Dies war ein Ergebnis der Klausurtagung des Arbeitskreises Schule der SPD-Ratsfraktion. Auch im Jahr 2005 sollen alle Schulen, die Interesse haben Ganztagsgrundschule zu werden, sich an dem Projekt beteiligen k\u00f6nnen, so Arbeitskreis-Leiter Stefan Zimkeit. Ziel sei es, die Zahl von bisher 17 Schulen auf 30 Schulen und damit auf dreiviertel aller Grundschulen zu erh\u00f6hen. Die Stadt Oberhausen werde daf\u00fcr alles N\u00f6tige tun.<!--more--><\/p>\n<p>Die Fortf\u00fchrung der Landesunterst\u00fctzung stellte der Landstagsabgeordnete Wolfgang Gro\u00dfe Br\u00f6mer in Aussicht. Neben dem Ziel, durch eine Ausweitung des Angebotes der gro\u00dfen Nachfrage von Eltern nach zus\u00e4tzlichen F\u00f6rder- und Betreuungsangeboten nachzukommen, will die SPD die Erfahrungen der bisherigen Ganztagsgrundschulen aufgreifen und die Schulen verst\u00e4rkt unterst\u00fctzen. Einen Schwerpunkt setzt die SPD dabei auf eine verbesserte Sprachf\u00f6rderung. Hierzu sollen zus\u00e4tzliche Mittel bereit gestellt werden.<\/p>\n<p>Als mittelfristige Ziele formulierte die SPD die Einf\u00fchrung von Ganztagsklassen, bei denen eine ganze Klasse an der offenen Ganztagsgrundschule teilnimmt. Dies verbessere die F\u00f6rderm\u00f6glichkeiten durch eine bessere Anbindung an den Unterricht erheblich. Zudem streben die Sozialdemokraten die schnellstm\u00f6gliche Ausweitung des Modells auf die Jahrg\u00e4nge f\u00fcnf und sechs der weiterf\u00fchrenden Schulen an.<\/p>\n<p>Weiteres Thema der Tagung war das neue Schulgesetz des Landes NRW. Wolfgang Gro\u00dfe Br\u00f6mer (MdL) stellte die wichtigsten Neuerungen vor und betonte, dass durch das neue Schulgesetz die Reform der nordrhein-westf\u00e4lischen Schulen erheblich voran gebracht werde. Neben der Vereinfachung der Rechtslage durch die Straffung und Entb\u00fcrokratisierung der Vorschriften werde vor allem die Selbstst\u00e4ndigkeit der Schulen gest\u00e4rkt. Ziel der SPD-Landtagsfraktion sei es, den Entscheidungsspielraum der Schulen erheblich zu vergr\u00f6\u00dfern. Die Rolle des Landes soll sich st\u00e4rker auf die Qualit\u00e4tskontrolle und die Beratung der Schulen beschr\u00e4nken. Um die Schulen zuk\u00fcnftig besser und ortsn\u00e4her zu unterst\u00fctzen und zu beraten, soll die Schulaufsicht statt in D\u00fcsseldorf zuk\u00fcnftig vor Ort t\u00e4tig sein.<\/p>\n<p>Als weitere bildungspolitische Arbeitsschwerpunkte f\u00fcr das Jahr 2005 legte der Arbeitskreis die Erarbeitung einer Bildungsberichterstattung f\u00fcr Oberhausen und die Diskussion \u00fcber den Schulentwicklungsplan fest.<\/p>\n<p>Durch die Bildungsberichterstattung soll objektiv festgestellt werden, welche Schulen in Oberhausen besondere Unterst\u00fctzung brauchen, zum Bespiel weil sie in sozial benachteiligten Stadtteilen liegen. Unter anderem durch die Konzentration st\u00e4dtischer Mittel und die Ausweitung der Schulsozialarbeit sollen diese Schule gest\u00e4rkt werden, so der schulpolitische Sprecher Stefan Zimkeit.<\/p>\n<p>Angesichts zur\u00fcckgehender Sch\u00fclerzahlen sei die Diskussion des n\u00e4chsten Schulentwicklungsplanes von besonderer Bedeutung. Die Auswirkungen des Sch\u00fclerr\u00fcckgangs auf die Oberhausener Schulen m\u00fcssten umfassend diskutiert werden, um den Schulen Perspektiven aufzuzeigen. Dar\u00fcber hinaus betrachtet die SPD die Entwicklung der berufsbildenden Schulen und des gemeinsamen Unterrichts behinderter und nicht-behinderter Kinder als wichtige Themen f\u00fcr den Schulentwicklungsplan.<\/p>\n<p>&#8222;Mit den diskutierten Ma\u00dfnahmen werden wir sicher stellen, dass in Oberhausen die Bildungspolitik auch weiterhin Priorit\u00e4t genie\u00dft&#8220;, so der SPD-Fraktionsvorsitzende Wolfgang Gro\u00dfe Br\u00f6mer zum Abschluss der Klausur.<\/p>\n","protected":false},"excerpt":{"rendered":"<p>Die SPD will das Erfolgsmodell &#8222;Offene Ganztagsgrundschule&#8220; qualitativ und quantitativ weiterentwickeln und so die F\u00f6rderung und Betreuung von Sch\u00fclerinnen und Sch\u00fclern weiter verbessern. Dies war ein Ergebnis der Klausurtagung des&hellip; <\/p>\n","protected":false},"author":1,"featured_media":0,"comment_status":"closed","ping_status":"closed","sticky":false,"template":"","format":"standard","meta":{"footnotes":""},"categories":[1],"tags":[],"quellen":[],"class_list":["post-407","post","type-post","status-publish","format-standard","hentry","category-allgemein"],"_links":{"self":[{"href":"https:\/\/meier-gerdingh.de\/wp-spd-ob\/wp-json\/wp\/v2\/posts\/407","targetHints":{"allow":["GET"]}}],"collection":[{"href":"https:\/\/meier-gerdingh.de\/wp-spd-ob\/wp-json\/wp\/v2\/posts"}],"about":[{"href":"https:\/\/meier-gerdingh.de\/wp-spd-ob\/wp-json\/wp\/v2\/types\/post"}],"author":[{"embeddable":true,"href":"https:\/\/meier-gerdingh.de\/wp-spd-ob\/wp-json\/wp\/v2\/users\/1"}],"replies":[{"embeddable":true,"href":"https:\/\/meier-gerdingh.de\/wp-spd-ob\/wp-json\/wp\/v2\/comments?post=407"}],"version-history":[{"count":0,"href":"https:\/\/meier-gerdingh.de\/wp-spd-ob\/wp-json\/wp\/v2\/posts\/407\/revisions"}],"wp:attachment":[{"href":"https:\/\/meier-gerdingh.de\/wp-spd-ob\/wp-json\/wp\/v2\/media?parent=407"}],"wp:term":[{"taxonomy":"category","embeddable":true,"href":"https:\/\/meier-gerdingh.de\/wp-spd-ob\/wp-json\/wp\/v2\/categories?post=407"},{"taxonomy":"post_tag","embeddable":true,"href":"https:\/\/meier-gerdingh.de\/wp-spd-ob\/wp-json\/wp\/v2\/tags?post=407"},{"taxonomy":"quellen","embeddable":true,"href":"https:\/\/meier-gerdingh.de\/wp-spd-ob\/wp-json\/wp\/v2\/quellen?post=407"}],"curies":[{"name":"wp","href":"https:\/\/api.w.org\/{rel}","templated":true}]}}