{"id":408,"date":"2005-01-31T17:00:00","date_gmt":"2005-01-31T15:00:00","guid":{"rendered":"http:\/\/www.meier-gerdingh.de\/spd-oberhausen\/wp\/?p=408"},"modified":"2017-05-14T13:05:23","modified_gmt":"2017-05-14T11:05:23","slug":"beatriks-brands-erneut-zur-vorsitzenden-gewaehlt-2","status":"publish","type":"post","link":"https:\/\/meier-gerdingh.de\/wp-spd-ob\/2005\/01\/31\/beatriks-brands-erneut-zur-vorsitzenden-gewaehlt-2\/","title":{"rendered":"Beatriks Brands erneut zur Vorsitzenden gew\u00e4hlt"},"content":{"rendered":"<div style=\"width: 150px\" class=\"wp-caption alignleft\"><a href=\"http:\/\/meier-gerdingh.de\/wp-spd-ob\/wp-content\/uploads\/brands_beatriks.jpg\"><img decoding=\"async\" class=\"size-full\" src=\"http:\/\/meier-gerdingh.de\/wp-spd-ob\/wp-content\/uploads\/brands_beatriks.jpg\" alt=\"Beatriks Brands wurde erneut zur Vorsitzenden des SPD-Ortsvereins Sterkrade-S\u00fcd gew\u00e4hlt\" width=\"140\" height=\"191\" \/><\/a><p class=\"wp-caption-text\">Beatriks Brands wurde erneut zur Vorsitzenden des SPD-Ortsvereins Sterkrade-S\u00fcd gew\u00e4hlt<\/p><\/div>\n<p>Die Sozialdemokraten in Sterkrade-S\u00fcd sehen sich inhaltlich und personell gut aufgestellt f\u00fcr die politische Arbeit der kommenden zwei Jahre. Auf der Jahreshauptversammlung des SPD-Ortsvereins, der die Sterkrader Innenstadt sowie die Bereiche Buschhausen, Schwarze Heide und Weierheide umfasst, lie\u00df die wiedergew\u00e4hlte Vorsitzende Beatriks Brands ein erfolgreiches Jahr 2004 noch einmal Revue passieren: Der Ortsverein stelle nach der Kommunalwahl nicht nur f\u00fcnf direkt gew\u00e4hlte Mitglieder im neuen Stadtrat und drei Vertreter in der Bezirksvertretung Sterkrade, sondern mit Karl-Heinz Emmerich auch den SPD-Sprecher im Sterkrader Stadtteilparlament. Alle Wahlbezirke h\u00e4tten mit deutlichen Mehrheiten gewonnen werden k\u00f6nnen und die Ber\u00fccksichtigung des Ortsvereins bei der Besetzung von politischen Spitzenfunktionen sei \u00fcberaus erfreulich ausgefallen. Herausragend hier vor allem: Die Wahl der Sterkrader Unternehmerin Elia Albrecht-Mainz zur ersten B\u00fcrgermeisterin der Stadt Oberhausen.<!--more--><\/p>\n<p>Hauptreferent des Abends war der Generalsekret\u00e4r der NRWSPD und Sterkrader Landtagsabgeordnete Mike Groschek, der zwischen den zahlreichen Wahlg\u00e4ngen \u00fcber die aktuelle Situation auf Landesebene informierte. Mit Blick auf den bevorstehenden Landtagswahlkampf zeigte sich Groschek k\u00e4mpferisch und optimistisch. Der Sommer immer neuer Umfragehochs f\u00fcr die CDU sei sp\u00e4testens durch das reinigende Gewitter der Kommunalwahl beendet worden, der politische Trend im Land nun wieder Genosse. Im Gegensatz zur CDU werde sich die NRWSPD aber nicht auf Umfrageergebnissen ausruhen. &#8222;Bis zum 22. Mai, Punkt 18.00 Uhr, m\u00fcssen wir um jede einzelne Stimme f\u00fcr Peer Steinbr\u00fcck und die SPD k\u00e4mpfen&#8220;, appellierte Groschek an die Ortsvereinsmitglieder.<\/p>\n<p>Bei der Wahl der zwei stellvertretenden best\u00e4tigte die Versammlung mit deutlicher Mehrheit den bisherigen OV-Vize Hubert Cordes. Neu in dieses Amt gew\u00e4hlt wurde der Sterkrader Bezirksvertreter Karsten Bron, Vorsitzender des UB-Ausschusses der Oberhausener SPD. Er tritt damit die Nachfolge von Marina Kohnke an, die nach vielen Jahren nicht wieder als stellvertretende Vorsitzende kandidierte. J\u00fcrgen Trenck und Dirk Balthaus wurden in ihren Funktionen als Ortsvereinskassierer ebenso best\u00e4tigt wie Pressesprecher und Schriftf\u00fchrer Frank Th\u00f6nissen.<\/p>\n<p>Als Beisitzer geh\u00f6ren dem neuen Vorstand Otto Brands, Brigitte B\u00fclles, Angelika Cordes, Susanne Cordes, Georg Diedenhofen, J\u00fcrgen Fl\u00f6tgen, Horst Kalthoff, Astrid Schr\u00f6der und Udo Spiecker an.<\/p>\n<p>Die Interessen des Ortsvereins im UB-Ausschuss vertreten Otto Brands, Karsten Bron und Hans-J\u00f6rg Greinke.<\/p>\n","protected":false},"excerpt":{"rendered":"<p>Die Sozialdemokraten in Sterkrade-S\u00fcd sehen sich inhaltlich und personell gut aufgestellt f\u00fcr die politische Arbeit der kommenden zwei Jahre. Auf der Jahreshauptversammlung des SPD-Ortsvereins, der die Sterkrader Innenstadt sowie die&hellip; <\/p>\n","protected":false},"author":1,"featured_media":0,"comment_status":"closed","ping_status":"closed","sticky":false,"template":"","format":"standard","meta":{"footnotes":""},"categories":[1],"tags":[],"quellen":[],"class_list":["post-408","post","type-post","status-publish","format-standard","hentry","category-allgemein"],"_links":{"self":[{"href":"https:\/\/meier-gerdingh.de\/wp-spd-ob\/wp-json\/wp\/v2\/posts\/408","targetHints":{"allow":["GET"]}}],"collection":[{"href":"https:\/\/meier-gerdingh.de\/wp-spd-ob\/wp-json\/wp\/v2\/posts"}],"about":[{"href":"https:\/\/meier-gerdingh.de\/wp-spd-ob\/wp-json\/wp\/v2\/types\/post"}],"author":[{"embeddable":true,"href":"https:\/\/meier-gerdingh.de\/wp-spd-ob\/wp-json\/wp\/v2\/users\/1"}],"replies":[{"embeddable":true,"href":"https:\/\/meier-gerdingh.de\/wp-spd-ob\/wp-json\/wp\/v2\/comments?post=408"}],"version-history":[{"count":0,"href":"https:\/\/meier-gerdingh.de\/wp-spd-ob\/wp-json\/wp\/v2\/posts\/408\/revisions"}],"wp:attachment":[{"href":"https:\/\/meier-gerdingh.de\/wp-spd-ob\/wp-json\/wp\/v2\/media?parent=408"}],"wp:term":[{"taxonomy":"category","embeddable":true,"href":"https:\/\/meier-gerdingh.de\/wp-spd-ob\/wp-json\/wp\/v2\/categories?post=408"},{"taxonomy":"post_tag","embeddable":true,"href":"https:\/\/meier-gerdingh.de\/wp-spd-ob\/wp-json\/wp\/v2\/tags?post=408"},{"taxonomy":"quellen","embeddable":true,"href":"https:\/\/meier-gerdingh.de\/wp-spd-ob\/wp-json\/wp\/v2\/quellen?post=408"}],"curies":[{"name":"wp","href":"https:\/\/api.w.org\/{rel}","templated":true}]}}