{"id":4103,"date":"2017-03-25T09:23:21","date_gmt":"2017-03-25T08:23:21","guid":{"rendered":"http:\/\/meier-gerdingh.de\/wp-spd-ob\/?p=4103"},"modified":"2017-03-30T09:31:08","modified_gmt":"2017-03-30T07:31:08","slug":"spd-ortsverein-oberhausen-ost-ehrt-jubilare","status":"publish","type":"post","link":"https:\/\/meier-gerdingh.de\/wp-spd-ob\/2017\/03\/25\/spd-ortsverein-oberhausen-ost-ehrt-jubilare\/","title":{"rendered":"SPD-Ortsverein Oberhausen-Ost ehrt Jubilare"},"content":{"rendered":"<div id=\"attachment_4104\" style=\"width: 730px\" class=\"wp-caption aligncenter\"><a href=\"http:\/\/meier-gerdingh.de\/wp-spd-ob\/wp-content\/uploads\/2017\/03\/ov_ost_jubilarehrung_2017_1400.jpg\"><img aria-describedby=\"caption-attachment-4104\" decoding=\"async\" class=\"size-full wp-image-4104\" src=\"http:\/\/meier-gerdingh.de\/wp-spd-ob\/wp-content\/uploads\/2017\/03\/ov_ost_jubilarehrung_2017.jpg\" alt=\"\" width=\"720\" height=\"374\" srcset=\"https:\/\/meier-gerdingh.de\/wp-spd-ob\/wp-content\/uploads\/2017\/03\/ov_ost_jubilarehrung_2017.jpg 720w, https:\/\/meier-gerdingh.de\/wp-spd-ob\/wp-content\/uploads\/2017\/03\/ov_ost_jubilarehrung_2017-300x156.jpg 300w\" sizes=\"(max-width: 720px) 100vw, 720px\" \/><\/a><p id=\"caption-attachment-4104\" class=\"wp-caption-text\">Geehrt wurden Eesje Meier-Gerdingh f\u00fcr stolze 60 Jahre Mitgliedschaft in der SPD, Hilde Koch, Robert Lonsfeld und Siegfried Schilly (alle drei 50 Jahre), Friedhelm Pascheberg, Ulrich Z\u00f6llner und Helmut Klotten f\u00fcr 40 Jahre, Nicole Kenzer, Karl Bartsch und Horst Oesterwind f\u00fcr 25 Jahre Mitgliedschaft.<\/p><\/div>\n<p><em>10 Jubilare, die auf eine 25-j\u00e4hrige bis zu einer 60-j\u00e4hrigen Mitgliedschaft zur\u00fcckblicken, ehrte der SPD-Ortsverein Oberhausen-Ost im Rahmen einer stimmungsvollen Feier.<\/em><\/p>\n<p>Der Vorstand um seinen neuen Vorsitzenden Maximilian Janetzki empfing die Jubilare im Cafe Marienk\u00e4fer an der Marienburgstra\u00dfe zum gem\u00fctlichen Beisammensein. Die Laudatio hielt SPD-Landesvorstandsmitglied und Stadtk\u00e4mmerer Apostolos Tsalastras. Er dankte den Jubilaren f\u00fcr ihr langj\u00e4hriges Engagement in der SPD und betonte: &#8222;Langen Atem und stetigen Einsatz zeigen wir nur, wenn wir wissen, worum es geht und dass es sich lohnt!&#8220;<!--more--><\/p>\n<p>In diesem Sinne richtete Tsalastras seinen Blick auf die Wahlen dieses Jahres im Land und im Bund. Das Einstehen von Hannelore Kraft und Martin Schulz f\u00fcr Solidarit\u00e4t und soziale Gerechtigkeit gebe den Menschen eine klare Orientierung.<\/p>\n<p>Auch f\u00fcr die aktiven Parteimitglieder sei dies der gute und klare Kompass, um im Wahlkampf die B\u00fcrgerinnen und B\u00fcrger anzusprechen und von der Botschaft der Sozialdemokratie zu \u00fcberzeugen.<\/p>\n<p>Geehrt wurden Eesje Meier-Gerdingh f\u00fcr stolze 60 Jahre Mitgliedschaft in der SPD, Hilde Koch, Robert Lonsfeld und Siegfried Schilly (alle drei 50 Jahre), Friedhelm Pascheberg, Ulrich Z\u00f6llner und Helmut Klotten f\u00fcr 40 Jahre, Nicole Kenzer, Karl Bartsch und Horst Oesterwind f\u00fcr 25 Jahre Mitgliedschaft.<\/p>\n","protected":false},"excerpt":{"rendered":"<p>10 Jubilare, die auf eine 25-j\u00e4hrige bis zu einer 60-j\u00e4hrigen Mitgliedschaft zur\u00fcckblicken, ehrte der SPD-Ortsverein Oberhausen-Ost im Rahmen einer stimmungsvollen Feier. Der Vorstand um seinen neuen Vorsitzenden Maximilian Janetzki empfing&hellip; <\/p>\n","protected":false},"author":1,"featured_media":0,"comment_status":"closed","ping_status":"closed","sticky":false,"template":"","format":"standard","meta":{"footnotes":""},"categories":[173],"tags":[261],"quellen":[334],"class_list":["post-4103","post","type-post","status-publish","format-standard","hentry","category-parteileben","tag-jubilarehrung","quellen-ov-ost"],"_links":{"self":[{"href":"https:\/\/meier-gerdingh.de\/wp-spd-ob\/wp-json\/wp\/v2\/posts\/4103","targetHints":{"allow":["GET"]}}],"collection":[{"href":"https:\/\/meier-gerdingh.de\/wp-spd-ob\/wp-json\/wp\/v2\/posts"}],"about":[{"href":"https:\/\/meier-gerdingh.de\/wp-spd-ob\/wp-json\/wp\/v2\/types\/post"}],"author":[{"embeddable":true,"href":"https:\/\/meier-gerdingh.de\/wp-spd-ob\/wp-json\/wp\/v2\/users\/1"}],"replies":[{"embeddable":true,"href":"https:\/\/meier-gerdingh.de\/wp-spd-ob\/wp-json\/wp\/v2\/comments?post=4103"}],"version-history":[{"count":0,"href":"https:\/\/meier-gerdingh.de\/wp-spd-ob\/wp-json\/wp\/v2\/posts\/4103\/revisions"}],"wp:attachment":[{"href":"https:\/\/meier-gerdingh.de\/wp-spd-ob\/wp-json\/wp\/v2\/media?parent=4103"}],"wp:term":[{"taxonomy":"category","embeddable":true,"href":"https:\/\/meier-gerdingh.de\/wp-spd-ob\/wp-json\/wp\/v2\/categories?post=4103"},{"taxonomy":"post_tag","embeddable":true,"href":"https:\/\/meier-gerdingh.de\/wp-spd-ob\/wp-json\/wp\/v2\/tags?post=4103"},{"taxonomy":"quellen","embeddable":true,"href":"https:\/\/meier-gerdingh.de\/wp-spd-ob\/wp-json\/wp\/v2\/quellen?post=4103"}],"curies":[{"name":"wp","href":"https:\/\/api.w.org\/{rel}","templated":true}]}}