{"id":4133,"date":"2017-04-06T13:20:41","date_gmt":"2017-04-06T11:20:41","guid":{"rendered":"http:\/\/meier-gerdingh.de\/wp-spd-ob\/?p=4133"},"modified":"2017-04-17T13:22:14","modified_gmt":"2017-04-17T11:22:14","slug":"mehr-geld-fuer-kitas-in-benachteiligten-stadtteilen","status":"publish","type":"post","link":"https:\/\/meier-gerdingh.de\/wp-spd-ob\/2017\/04\/06\/mehr-geld-fuer-kitas-in-benachteiligten-stadtteilen\/","title":{"rendered":"Mehr Geld f\u00fcr Kitas in benachteiligten Stadtteilen"},"content":{"rendered":"<div id=\"attachment_1707\" style=\"width: 150px\" class=\"wp-caption alignleft\"><a href=\"http:\/\/meier-gerdingh.de\/wp-spd-ob\/wp-content\/uploads\/zimkeit_stefan_12.jpg\"><img aria-describedby=\"caption-attachment-1707\" decoding=\"async\" class=\"size-full wp-image-1707\" src=\"http:\/\/meier-gerdingh.de\/wp-spd-ob\/wp-content\/uploads\/zimkeit_stefan_12.jpg\" alt=\"\" width=\"140\" height=\"169\" \/><\/a><p id=\"caption-attachment-1707\" class=\"wp-caption-text\">Stefan Zimkeit ist Mitglied des Landtags von Nordrhein-Westfalen und finanzpolitischer Sprecher der SPD-Landtagsfraktion<\/p><\/div>\n<p>Als Rot-Gr\u00fcn die Landesregierung \u00fcbernommen hatte, seien j\u00e4hrlich 1,3 Milliarden Euro in die Kitas investiert worden, inzwischen werden jedes Jahr 2,8 Milliarden Euro ausgegeben. Das sagte Stefan Zimkeit in einer Landtagsdebatte zur Situation der Kinderg\u00e4rten in NRW. &#8222;Das ist mehr als eine Verdoppelung&#8220;, so der SPD-Finanzexperte. Die Opposition habe des \u00d6fteren kritisiert, dass die SPD-gef\u00fchrte Landesregierung milliardenschwere Wahlversprechen umgesetzt h\u00e4tte. &#8222;Ja, das haben wir. Das ist aber kein rausgeworfenes Geld&#8220;, betonte er. Sondern es gehe um Investitionen in die Zukunft von Kindern.<!--more--><\/p>\n<p>Wichtig ist aus Zimkeits Sicht, dass das Prinzip &#8222;Ungleiches ungleich behandeln&#8220; gelte und Schwerpunkte da gesetzt w\u00fcrden, wo die meisten Bildungsbenachteiligungen sind.<\/p>\n<p>Rot-Gr\u00fcn habe zudem daf\u00fcr gesorgt, dass die finanzielle Situation der Tr\u00e4ger von Kinderg\u00e4rten verbessert wird. &#8222;Damit haben wir einen wichtigen Beitrag geleistet, die Kindergartenstruktur in unserem Land zu sichern&#8220;, sagte Oberhausens Landtagsabgeordneter. 2010 habe es 9000 Kitas in NRW gegeben, jetzt seien es bereits 9700 Einrichtungen.<\/p>\n<p>Stefan Zimkeit k\u00fcndigte an, das noch von der Vorg\u00e4ngerregierung beschlossene Kinderbildungsgesetz (Kibiz) in der n\u00e4chsten Legislaturperiode durch ein neues Gesetz abzul\u00f6sen.<\/p>\n<p>&#8222;Mehr Qualit\u00e4t durch eine verbesserte Personalsituation, flexible \u00d6ffnungszeiten zur besseren Vereinbarkeit von Familie und Beruf, den Ansatz &#8218;Ungleiches ungleich behandeln&#8216; konsequent fortsetzen, Tr\u00e4ger und Kommunen entlasten und daf\u00fcr sorgen, dass der Ausbau an Pl\u00e4tzen weitergeht&#8220;, z\u00e4hlte der Abgeordnete die Eckpunkte auf, die ein solches Gesetz umfassen werde.<\/p>\n<p>Zudem wolle die SPD daf\u00fcr sorgen, dass Kitas bereits ab dem ersten Jahr kostenfrei werden, um Familien zu entlasten.<\/p>\n","protected":false},"excerpt":{"rendered":"<p>Als Rot-Gr\u00fcn die Landesregierung \u00fcbernommen hatte, seien j\u00e4hrlich 1,3 Milliarden Euro in die Kitas investiert worden, inzwischen werden jedes Jahr 2,8 Milliarden Euro ausgegeben. Das sagte Stefan Zimkeit in einer&hellip; <\/p>\n","protected":false},"author":1,"featured_media":0,"comment_status":"closed","ping_status":"closed","sticky":false,"template":"","format":"standard","meta":{"footnotes":""},"categories":[179],"tags":[162,168,605,778,165],"quellen":[331],"class_list":["post-4133","post","type-post","status-publish","format-standard","hentry","category-kinder-und-jugendliche","tag-kibiz","tag-kinderbetreuung","tag-kindergaerten","tag-kita-gebuehren","tag-kitas","quellen-mdl-stefan-zimkeit"],"_links":{"self":[{"href":"https:\/\/meier-gerdingh.de\/wp-spd-ob\/wp-json\/wp\/v2\/posts\/4133","targetHints":{"allow":["GET"]}}],"collection":[{"href":"https:\/\/meier-gerdingh.de\/wp-spd-ob\/wp-json\/wp\/v2\/posts"}],"about":[{"href":"https:\/\/meier-gerdingh.de\/wp-spd-ob\/wp-json\/wp\/v2\/types\/post"}],"author":[{"embeddable":true,"href":"https:\/\/meier-gerdingh.de\/wp-spd-ob\/wp-json\/wp\/v2\/users\/1"}],"replies":[{"embeddable":true,"href":"https:\/\/meier-gerdingh.de\/wp-spd-ob\/wp-json\/wp\/v2\/comments?post=4133"}],"version-history":[{"count":0,"href":"https:\/\/meier-gerdingh.de\/wp-spd-ob\/wp-json\/wp\/v2\/posts\/4133\/revisions"}],"wp:attachment":[{"href":"https:\/\/meier-gerdingh.de\/wp-spd-ob\/wp-json\/wp\/v2\/media?parent=4133"}],"wp:term":[{"taxonomy":"category","embeddable":true,"href":"https:\/\/meier-gerdingh.de\/wp-spd-ob\/wp-json\/wp\/v2\/categories?post=4133"},{"taxonomy":"post_tag","embeddable":true,"href":"https:\/\/meier-gerdingh.de\/wp-spd-ob\/wp-json\/wp\/v2\/tags?post=4133"},{"taxonomy":"quellen","embeddable":true,"href":"https:\/\/meier-gerdingh.de\/wp-spd-ob\/wp-json\/wp\/v2\/quellen?post=4133"}],"curies":[{"name":"wp","href":"https:\/\/api.w.org\/{rel}","templated":true}]}}