{"id":4136,"date":"2017-04-13T13:30:39","date_gmt":"2017-04-13T11:30:39","guid":{"rendered":"http:\/\/meier-gerdingh.de\/wp-spd-ob\/?p=4136"},"modified":"2017-05-01T13:31:22","modified_gmt":"2017-05-01T11:31:22","slug":"der-sport-im-mittelpunkt","status":"publish","type":"post","link":"https:\/\/meier-gerdingh.de\/wp-spd-ob\/2017\/04\/13\/der-sport-im-mittelpunkt\/","title":{"rendered":"Der Sport im Mittelpunkt"},"content":{"rendered":"<p><a href=\"http:\/\/meier-gerdingh.de\/wp-spd-ob\/wp-content\/uploads\/2017\/04\/banner_postos_bahnhof_17_04_11_engelmeier.jpg\"><img decoding=\"async\" class=\"aligncenter size-full wp-image-4129\" src=\"http:\/\/meier-gerdingh.de\/wp-spd-ob\/wp-content\/uploads\/2017\/04\/banner_postos_bahnhof_17_04_11_engelmeier.jpg\" alt=\"\" width=\"640\" height=\"460\" srcset=\"https:\/\/meier-gerdingh.de\/wp-spd-ob\/wp-content\/uploads\/2017\/04\/banner_postos_bahnhof_17_04_11_engelmeier.jpg 640w, https:\/\/meier-gerdingh.de\/wp-spd-ob\/wp-content\/uploads\/2017\/04\/banner_postos_bahnhof_17_04_11_engelmeier-300x216.jpg 300w\" sizes=\"(max-width: 640px) 100vw, 640px\" \/><\/a><em>Apostolos Tsalastras empfing die Vizepr\u00e4sidentin des Landessportbundes Michaela Engelmeier zum sportpolitischen Gespr\u00e4ch:<\/em><\/p>\n<p><a href=\"http:\/\/meier-gerdingh.de\/wp-spd-ob\/wp-content\/uploads\/2017\/04\/postos_bahnhof_17_04_11_engelmeier.jpg\"><img decoding=\"async\" class=\"alignleft size-full wp-image-4138\" src=\"http:\/\/meier-gerdingh.de\/wp-spd-ob\/wp-content\/uploads\/2017\/04\/postos_bahnhof_17_04_11_engelmeier.jpg\" alt=\"\" width=\"260\" height=\"185\" \/><\/a>Sportlich ging es bei der neusten Ausgabe von &#8222;Postos Bahnhof&#8220; im Gdanska am Altmarkt zu, denn im Beisein vieler Vertreter aus Sport und Stadtgesellschaft konnte Apostolos Tsalastras die Vizepr\u00e4sidentin des Landessportbundes und sportpolitische Sprecherin der SPD-Bundestagsfraktion, Michaela Engelmeier, begr\u00fc\u00dfen. In einem heiteren Gespr\u00e4ch erz\u00e4hlte diese von ihren Anf\u00e4ngen als Leistungssportlerin: &#8222;Der Judo-Sport erm\u00f6glichte mir schon fr\u00fch viel von der Welt zu sehen. Sport verbindet und so hat Rassismus dort auch keinen Platz.&#8220;<!--more--><\/p>\n<p>Die Bundestagsabgeordnete, die in Oberberg bei Gummersbach wohnt, erinnerte sich zur\u00fcck, dass sich auch schon f\u00fcr den TUS Gr\u00fcn Wei\u00df Holten 1900 gek\u00e4mpft hat.<\/p>\n<p>&#8222;Sport ist die gr\u00f6\u00dfte gesellschaftliche Gruppe in Deutschland. Im Sport werden Integration und Inklusion tagt\u00e4glich gelebt&#8220;, so Engelmeier. &#8222;Deshalb haben wir auch mehr denn je in Partei und Fraktion den Sport in den Mittelpunkt gestellt.<\/p>\n<p>Dabei ist der Breitensport besonders wichtig. Er macht Kinder und Jugendliche fit und sorgt f\u00fcr viel Lebensqualit\u00e4t in jedem Alter. Und: Ohne Breite keine Spitze.&#8220;<\/p>\n<p>Sonja Bongers gab Einblick in die Oberhausener Sportentwicklung: &#8222;In Oberhausen haben wir es geschafft, mit kreativen L\u00f6sungen Gelder intelligent einzusetzen und Sportst\u00e4tten gezielt weiterentwickelt. Was wir bei Sportpl\u00e4tzen schon geschafft haben, wollen wir bei den Sporthallen noch erreichen.&#8220;<\/p>\n<p>Stefan Zimkeit erg\u00e4nzte dies aus Landessicht: &#8222;Zur Unterst\u00fctzung der Vereine haben wir die Mittel f\u00fcr \u00dcbungsleiter 2016 und 2017 jeweils um 900.000 Euro erh\u00f6ht. So f\u00f6rdern wir gezielt das ehrenamtliche Engagement in den Vereinen. Au\u00dferdem verwies Zimkeit auf das Landesf\u00f6rderprogramm &#8222;Gute Schule 2020&#8220; mit dem das Land zwei Milliarden Euro zus\u00e4tzlich in Schulen aber auch in Schulsportanlagen investiere. &#8222;Davon werden auch die Vereine profitieren&#8220; so der Landtagsabgeordnete.<\/p>\n<p>Michaela Engelmeier lobte der &#8222;Pakt f\u00fcr den Sport&#8220; den das Land NRW mit dem Landessportbund abgeschlossen hat und eine wichtige Basis f\u00fcr den Sport in NRW darstellt. &#8222;Ich freu mich, dass wir mit Hannelore Kraft eine Ministerpr\u00e4sidentin haben, der der Sport am Herzen liegt&#8220;, zeigte sich Engelmeier sicher, dass dieser Pakt verl\u00e4ngert wird.<\/p>\n<p>In der lebendigen Diskussion kam das Publikum nicht zu kurz. Viele offene Fragen zu Schulsport, Schwimmunterricht und der Weiterentwicklung von Sportst\u00e4tten in Oberhausen konnten hier gekl\u00e4rt werden. Apostolos Tsalastras k\u00fcndigte dabei an, auch als K\u00e4mmerer ein offenes Ohr f\u00fcr die Vereine und die Belange des Sports zu haben. &#8222;Unsere St\u00e4rke in Oberhausen ist es gemeinsam L\u00f6sungen f\u00fcr Probleme zu finden&#8220;.<\/p>\n","protected":false},"excerpt":{"rendered":"<p>Apostolos Tsalastras empfing die Vizepr\u00e4sidentin des Landessportbundes Michaela Engelmeier zum sportpolitischen Gespr\u00e4ch: Sportlich ging es bei der neusten Ausgabe von &#8222;Postos Bahnhof&#8220; im Gdanska am Altmarkt zu, denn im Beisein&hellip; <\/p>\n","protected":false},"author":1,"featured_media":0,"comment_status":"closed","ping_status":"closed","sticky":false,"template":"","format":"standard","meta":{"footnotes":""},"categories":[47,171],"tags":[1217,1220,455,1215,1221,1011,414,1223,1224],"quellen":[327],"class_list":["post-4136","post","type-post","status-publish","format-standard","hentry","category-sport","category-veranstaltungen","tag-pakt-fuer-den-sport","tag-breitensport","tag-integration","tag-landessportbund","tag-leistungssport","tag-nrw-programm-gute-schule-2020","tag-postos-bahnhof","tag-schulsport","tag-uebungsleiterpauschale","quellen-spd-unterbezirk-oberhausen"],"_links":{"self":[{"href":"https:\/\/meier-gerdingh.de\/wp-spd-ob\/wp-json\/wp\/v2\/posts\/4136","targetHints":{"allow":["GET"]}}],"collection":[{"href":"https:\/\/meier-gerdingh.de\/wp-spd-ob\/wp-json\/wp\/v2\/posts"}],"about":[{"href":"https:\/\/meier-gerdingh.de\/wp-spd-ob\/wp-json\/wp\/v2\/types\/post"}],"author":[{"embeddable":true,"href":"https:\/\/meier-gerdingh.de\/wp-spd-ob\/wp-json\/wp\/v2\/users\/1"}],"replies":[{"embeddable":true,"href":"https:\/\/meier-gerdingh.de\/wp-spd-ob\/wp-json\/wp\/v2\/comments?post=4136"}],"version-history":[{"count":0,"href":"https:\/\/meier-gerdingh.de\/wp-spd-ob\/wp-json\/wp\/v2\/posts\/4136\/revisions"}],"wp:attachment":[{"href":"https:\/\/meier-gerdingh.de\/wp-spd-ob\/wp-json\/wp\/v2\/media?parent=4136"}],"wp:term":[{"taxonomy":"category","embeddable":true,"href":"https:\/\/meier-gerdingh.de\/wp-spd-ob\/wp-json\/wp\/v2\/categories?post=4136"},{"taxonomy":"post_tag","embeddable":true,"href":"https:\/\/meier-gerdingh.de\/wp-spd-ob\/wp-json\/wp\/v2\/tags?post=4136"},{"taxonomy":"quellen","embeddable":true,"href":"https:\/\/meier-gerdingh.de\/wp-spd-ob\/wp-json\/wp\/v2\/quellen?post=4136"}],"curies":[{"name":"wp","href":"https:\/\/api.w.org\/{rel}","templated":true}]}}