{"id":4230,"date":"2017-05-01T14:15:05","date_gmt":"2017-05-01T12:15:05","guid":{"rendered":"http:\/\/meier-gerdingh.de\/wp-spd-ob\/?p=4230"},"modified":"2017-05-04T17:33:19","modified_gmt":"2017-05-04T15:33:19","slug":"verleihung-der-luise-2017","status":"publish","type":"post","link":"https:\/\/meier-gerdingh.de\/wp-spd-ob\/2017\/05\/01\/verleihung-der-luise-2017\/","title":{"rendered":"Verleihung der &#8222;Luise&#8220; 2017"},"content":{"rendered":"<p><a href=\"http:\/\/meier-gerdingh.de\/wp-spd-ob\/wp-content\/uploads\/2017\/05\/logo_asf_2017.jpg\"><img decoding=\"async\" src=\"http:\/\/meier-gerdingh.de\/wp-spd-ob\/wp-content\/uploads\/2017\/05\/logo_asf_2017.jpg\" alt=\"\" width=\"253\" height=\"190\" class=\"alignleft size-full wp-image-4232\" \/><\/a><em>Die Arbeitsgemeinschaft Sozialdemokratischer Frauen (AsF) Oberhausen l\u00e4dt ein zur Verleihung der &#8222;Luise&#8220; 2017:<\/em><\/p>\n<p>Unsere Stadt ist voll von engagierten Frauen &#8211; deshalb verleiht die Arbeitsgemeinschaft sozialdemokratischer Frauen im SPD-Unterbezirk Oberhausen auch in diesem Jahr wieder ihren Ehrenamtspreis, die &#8222;Luise&#8220;.<\/p>\n<p>2017 zeichnen wir die <strong>Internationale Frauengruppe des evangelischen Kirchenkreises Oberhausen<\/strong> f\u00fcr ihre langj\u00e4hrige ehrenamtliche T\u00e4tigkeit und die ehrenamtliche Arbeit von <strong>Sonja Bongers<\/strong> aus dem SPD-Ortsverein Oberhausen-West f\u00fcr ihr gleichstellungspolitisches Engagement aus.<\/p>\n<p>Wir freuen uns, Sie begr\u00fc\u00dfen zu k\u00f6nnen, und \u00fcber einen regen Meinungsaustausch!<\/p>\n<p>\u00dcbrigens: M\u00e4nner sind selbstverst\u00e4ndlich auch herzlich eingeladen.<\/p>\n<h3 class=\"spd-ob-crossheading\">Verleihung der Luise 2017<\/h3>\n<p><strong>DO&nbsp;&nbsp;|&nbsp;&nbsp;4. Mai 2017&nbsp;&nbsp;|&nbsp;&nbsp;18.30 Uhr<\/strong><\/p>\n<p><strong>Caf\u00e9 KLATSCH<\/strong><br \/>\nEls\u00e4sser Stra\u00dfe 17-19<br \/>\n46045 Oberhausen<\/p>\n","protected":false},"excerpt":{"rendered":"<p>Die Arbeitsgemeinschaft Sozialdemokratischer Frauen (AsF) Oberhausen l\u00e4dt ein zur Verleihung der &#8222;Luise&#8220; 2017: Unsere Stadt ist voll von engagierten Frauen &#8211; deshalb verleiht die Arbeitsgemeinschaft sozialdemokratischer Frauen im SPD-Unterbezirk Oberhausen&hellip; <\/p>\n","protected":false},"author":1,"featured_media":0,"comment_status":"closed","ping_status":"closed","sticky":false,"template":"","format":"standard","meta":{"footnotes":""},"categories":[596,171],"tags":[94],"quellen":[341],"class_list":["post-4230","post","type-post","status-publish","format-standard","hentry","category-ehrenamtliches-engagement","category-veranstaltungen","tag-luise","quellen-asf-oberhausen"],"_links":{"self":[{"href":"https:\/\/meier-gerdingh.de\/wp-spd-ob\/wp-json\/wp\/v2\/posts\/4230","targetHints":{"allow":["GET"]}}],"collection":[{"href":"https:\/\/meier-gerdingh.de\/wp-spd-ob\/wp-json\/wp\/v2\/posts"}],"about":[{"href":"https:\/\/meier-gerdingh.de\/wp-spd-ob\/wp-json\/wp\/v2\/types\/post"}],"author":[{"embeddable":true,"href":"https:\/\/meier-gerdingh.de\/wp-spd-ob\/wp-json\/wp\/v2\/users\/1"}],"replies":[{"embeddable":true,"href":"https:\/\/meier-gerdingh.de\/wp-spd-ob\/wp-json\/wp\/v2\/comments?post=4230"}],"version-history":[{"count":0,"href":"https:\/\/meier-gerdingh.de\/wp-spd-ob\/wp-json\/wp\/v2\/posts\/4230\/revisions"}],"wp:attachment":[{"href":"https:\/\/meier-gerdingh.de\/wp-spd-ob\/wp-json\/wp\/v2\/media?parent=4230"}],"wp:term":[{"taxonomy":"category","embeddable":true,"href":"https:\/\/meier-gerdingh.de\/wp-spd-ob\/wp-json\/wp\/v2\/categories?post=4230"},{"taxonomy":"post_tag","embeddable":true,"href":"https:\/\/meier-gerdingh.de\/wp-spd-ob\/wp-json\/wp\/v2\/tags?post=4230"},{"taxonomy":"quellen","embeddable":true,"href":"https:\/\/meier-gerdingh.de\/wp-spd-ob\/wp-json\/wp\/v2\/quellen?post=4230"}],"curies":[{"name":"wp","href":"https:\/\/api.w.org\/{rel}","templated":true}]}}