{"id":4240,"date":"2017-04-27T17:48:12","date_gmt":"2017-04-27T15:48:12","guid":{"rendered":"http:\/\/meier-gerdingh.de\/wp-spd-ob\/?p=4240"},"modified":"2017-05-02T08:00:46","modified_gmt":"2017-05-02T06:00:46","slug":"martin-schulz-besucht-zaq","status":"publish","type":"post","link":"https:\/\/meier-gerdingh.de\/wp-spd-ob\/2017\/04\/27\/martin-schulz-besucht-zaq\/","title":{"rendered":"Martin Schulz besucht ZAQ"},"content":{"rendered":"<p><a href=\"http:\/\/meier-gerdingh.de\/wp-spd-ob\/wp-content\/uploads\/2017\/05\/martin_schulz_im_zaq_1000.jpg\"><img decoding=\"async\" src=\"http:\/\/meier-gerdingh.de\/wp-spd-ob\/wp-content\/uploads\/2017\/05\/martin_schulz_im_zaq.jpg\" alt=\"\" width=\"640\" height=\"432\" class=\"aligncenter size-full wp-image-4243\" srcset=\"https:\/\/meier-gerdingh.de\/wp-spd-ob\/wp-content\/uploads\/2017\/05\/martin_schulz_im_zaq.jpg 640w, https:\/\/meier-gerdingh.de\/wp-spd-ob\/wp-content\/uploads\/2017\/05\/martin_schulz_im_zaq-300x203.jpg 300w\" sizes=\"(max-width: 640px) 100vw, 640px\" \/><\/a><em>Beim Besuch von Martin Schulz im Zentrum f\u00fcr Ausbildung und Qualifikation (ZAQ) in Oberhausen setzt dieser auf konkrete Schritte staatlicher Verantwortung bei Aus- und Weiterbildungsma\u00dfnahmen:<\/em><\/p>\n<p>Als ehemaliger B\u00fcrgermeister der Stadt W\u00fcrselen bei Aachen kennt Martin Schulz die Rahmenbedingungen, unter denen Kommunen wie Oberhausen den Bildungssektor unterhalten m\u00fcssen. Das machte er direkt zu Beginn des Gespr\u00e4chs beim ZAQ in Oberhausen deutlich, wo er von den beiden SPD-Landtagskandidaten Sonja Bongers und Stefan Zimkeit begleitet wurde. Gerade deshalb will er staatliche Verantwortung f\u00fcr Ausbildungs- und Qualifikationsma\u00dfnahmen gr\u00f6\u00dfer schreiben und Institute wie das von der Arbeiterwohlfahrt Oberhausen betriebene ZAQ, welches er als vorbildlich beschreibt, st\u00e4rker f\u00f6rdern.<!--more--><\/p>\n<p><a href=\"http:\/\/meier-gerdingh.de\/wp-spd-ob\/wp-content\/uploads\/2017\/05\/martin_schulz_zaq_17_04_27_02.jpg\"><img decoding=\"async\" src=\"http:\/\/meier-gerdingh.de\/wp-spd-ob\/wp-content\/uploads\/2017\/05\/martin_schulz_zaq_17_04_27_02.jpg\" alt=\"\" width=\"280\" height=\"212\" class=\"alignleft size-full wp-image-4238\" \/><\/a>Ihm sei wichtig, dass es nicht nur eine Chance auf den ersten und zweiten Bildungsweg gibt, sondern er spricht von einer &#8222;Philosophie der zweiten und auch der dritten Chancen&#8220;. Wiedereingliederung, Weiterbildung und auch das verk\u00fcrzte Erreichen neuer Berufsabschl\u00fcsse durch schon im Arbeitsalltag Erlerntes sei der Grundstein f\u00fcr das Funktionieren der deutschen Wirtschaft.<\/p>\n<p>Der Staat d\u00fcrfe sich deshalb nicht nur auf die St\u00e4rke der akademischen Berufe reduzieren, obgleich jeder Euro in Forschung und Entwicklung viel besser investiert sei, als Steuern zu reduzieren. Gerade die hoch qualifizierte Facharbeiterschaft sei eine der St\u00e4rken, um die Deutschland international beneidet w\u00fcrde.<\/p>\n<p>Im Fachgespr\u00e4ch mit ZAQ-Gesch\u00e4ftsf\u00fchrer Jochen Kamps und seinem Stellvertreter Uwe Beier spricht Schulz auch von seinen einschl\u00e4gigen Erfahrungen auf diesem Gebiet. Gerade deshalb will er vom Modell der Wettbewerbsorientierung zum Vorteil langfristiger und qualifizierterer Ma\u00dfnahmen, wie sie beim ZAQ angeboten w\u00fcrden, abr\u00fccken: &#8222;Es kann nicht sein, dass aus der systematischen kurzfristigen F\u00f6rderung prek\u00e4re Arbeit bei Tr\u00e4gern erw\u00e4chst&#8220;.<\/p>\n<p>Jochen Kamps pl\u00e4dierte daf\u00fcr, von einer &#8222;Projektritis&#8220; zur\u00fcck zu einer F\u00f6rderung langfristiger Berufsperspektiven zu kommen.<\/p>\n<p>Schulz sprach die dramatischen Ver\u00e4nderungen an, die in der Arbeitswelt im Zuge der schneller werdenden Digitalisierung kommen werden.<\/p>\n<p>Da der technologische Fortschritt mittlerweile selbst hochqualifizierte Arbeitspl\u00e4tze wegrationalisiere, brauche es zum einen neue Berufsbegriffe und zum anderen m\u00fcsse man sich \u00fcberlegen, was mit den Menschen passieren soll, deren Arbeitspl\u00e4tze weg fallen. Aus diesem Grund wird der Weiterbildung und Weiterqualifizierung eine Schl\u00fcsselrolle f\u00fcr unsere Gesellschaft zukommen \u2013 von den jungen Erwachsenen ohne Schulabschluss bis hin zum Hochqualifizierten!<\/p>\n<p>Beim Rundgang durch die Werkst\u00e4tten des Aus- und Weiterbildungszentrums sprach Schulz mit vielen, f\u00fcr die das ZAQ eine Berufsperspektive bedeutet.<\/p>\n<p>Im Anschluss unterhielt sich Schulz mit zwei jungen M\u00fcttern, f\u00fcr die durch eine Ausbildung in Teilzeit der Berufsabschluss erreichbar wird. &#8222;Hier m\u00fcssen wir nicht nur daf\u00fcr sorgen, dass es diese Angebote gibt, sondern dass auch dar\u00fcber informiert wird. Das habe ich von diesem Gespr\u00e4ch mitgenommen und au\u00dferdem hier auch noch ein wenig dazugelernt&#8220;.<\/p>\n","protected":false},"excerpt":{"rendered":"<p>Beim Besuch von Martin Schulz im Zentrum f\u00fcr Ausbildung und Qualifikation (ZAQ) in Oberhausen setzt dieser auf konkrete Schritte staatlicher Verantwortung bei Aus- und Weiterbildungsma\u00dfnahmen: Als ehemaliger B\u00fcrgermeister der Stadt&hellip; <\/p>\n","protected":false},"author":1,"featured_media":0,"comment_status":"closed","ping_status":"closed","sticky":false,"template":"","format":"standard","meta":{"footnotes":""},"categories":[174,231],"tags":[760,848,1262,1126,1265,1264,1266,1124,1263],"quellen":[327],"class_list":["post-4240","post","type-post","status-publish","format-standard","hentry","category-arbeit-und-soziales","category-bildung","tag-ausbildung","tag-awo-oberhausen","tag-jochen-kamps","tag-martin-schulz","tag-qualifizierung","tag-weiterbildung","tag-wiedereingliederung","tag-zaq","tag-zentrum-fuer-ausbildung-und-qualifizierung","quellen-spd-unterbezirk-oberhausen"],"_links":{"self":[{"href":"https:\/\/meier-gerdingh.de\/wp-spd-ob\/wp-json\/wp\/v2\/posts\/4240","targetHints":{"allow":["GET"]}}],"collection":[{"href":"https:\/\/meier-gerdingh.de\/wp-spd-ob\/wp-json\/wp\/v2\/posts"}],"about":[{"href":"https:\/\/meier-gerdingh.de\/wp-spd-ob\/wp-json\/wp\/v2\/types\/post"}],"author":[{"embeddable":true,"href":"https:\/\/meier-gerdingh.de\/wp-spd-ob\/wp-json\/wp\/v2\/users\/1"}],"replies":[{"embeddable":true,"href":"https:\/\/meier-gerdingh.de\/wp-spd-ob\/wp-json\/wp\/v2\/comments?post=4240"}],"version-history":[{"count":0,"href":"https:\/\/meier-gerdingh.de\/wp-spd-ob\/wp-json\/wp\/v2\/posts\/4240\/revisions"}],"wp:attachment":[{"href":"https:\/\/meier-gerdingh.de\/wp-spd-ob\/wp-json\/wp\/v2\/media?parent=4240"}],"wp:term":[{"taxonomy":"category","embeddable":true,"href":"https:\/\/meier-gerdingh.de\/wp-spd-ob\/wp-json\/wp\/v2\/categories?post=4240"},{"taxonomy":"post_tag","embeddable":true,"href":"https:\/\/meier-gerdingh.de\/wp-spd-ob\/wp-json\/wp\/v2\/tags?post=4240"},{"taxonomy":"quellen","embeddable":true,"href":"https:\/\/meier-gerdingh.de\/wp-spd-ob\/wp-json\/wp\/v2\/quellen?post=4240"}],"curies":[{"name":"wp","href":"https:\/\/api.w.org\/{rel}","templated":true}]}}