{"id":425,"date":"2005-04-01T16:00:00","date_gmt":"2005-04-01T14:00:00","guid":{"rendered":"http:\/\/www.meier-gerdingh.de\/spd-oberhausen\/wp\/?p=425"},"modified":"2017-05-14T12:58:40","modified_gmt":"2017-05-14T10:58:40","slug":"mehr-perspektiven-fuer-arbeitslose-jugendliche","status":"publish","type":"post","link":"https:\/\/meier-gerdingh.de\/wp-spd-ob\/2005\/04\/01\/mehr-perspektiven-fuer-arbeitslose-jugendliche\/","title":{"rendered":"Mehr Perspektiven f\u00fcr arbeitslose Jugendliche"},"content":{"rendered":"<div style=\"width: 190px\" class=\"wp-caption alignleft\"><a href=\"http:\/\/meier-gerdingh.de\/wp-spd-ob\/wp-content\/uploads\/besuch_jobcenter.jpg\"><img decoding=\"async\" class=\"size-full\" src=\"http:\/\/meier-gerdingh.de\/wp-spd-ob\/wp-content\/uploads\/besuch_jobcenter.jpg\" alt=\"Seit Januar k\u00fcmmert sich der erste Oberhausener Job-Center um arbeitslose Jugendliche\" width=\"180\" height=\"143\" \/><\/a><p class=\"wp-caption-text\">Seit Januar k\u00fcmmert sich der erste Oberhausener Job-Center um arbeitslose Jugendliche<\/p><\/div>\n<p>Im neuen Jobcenter f\u00fcr Jugendliche werden vielf\u00e4ltige Ma\u00dfnahmen umgesetzt, um die Perspektiven von Jugendlichen am Arbeitsmarkt zu verbessern. Davon konnten sich Vertreter der SPD bei einem Besuch in der neuen Einrichtung \u00fcberzeugen. W\u00e4hrend die Qualifizierung und Vermittlungen von Jugendlichen in anderen St\u00e4dten im Rahmen der neu gegr\u00fcndeten Arbeitsgemeinschaften der St\u00e4dte mit der Agentur f\u00fcr Arbeit nur schleppend anl\u00e4uft, werden den Jugendlichen in Oberhausen schon seit Januar entsprechende Angebote gemacht.<!--more--><\/p>\n<p>Heike Wilke, Leiterin des Jobcenters, berichtete, dass bereits mit 50 % der Jugendlichen unter 25 Jahren Hilfevereinbarungen getroffen wurden. Die Schwerpunkte liegen dabei auf der Vorbereitung zur und Vermittlung von Ausbildung, da 80 % der arbeitslosen Jugendlichen keine abgeschlossene Berufsausbildung h\u00e4tten.<\/p>\n<p>Durch ihren Besuch sieht sich die SPD-Fraktion in ihrem Entschluss best\u00e4tig, die Priorit\u00e4t bei der Gr\u00fcndung der Arbeitsgemeinschaft auf die Unterst\u00fctzung von Jugendlichen zu setzen. Mit einem Antrag im Rat, so der sozialpolitische Sprecher Frank Motschull, hatte die SPD durchgesetzt, als erstes das Jobcenter f\u00fcr Jugendliche einzurichten, um sich vorrangig um junge Menschen zu k\u00fcmmern.<\/p>\n","protected":false},"excerpt":{"rendered":"<p>Im neuen Jobcenter f\u00fcr Jugendliche werden vielf\u00e4ltige Ma\u00dfnahmen umgesetzt, um die Perspektiven von Jugendlichen am Arbeitsmarkt zu verbessern. Davon konnten sich Vertreter der SPD bei einem Besuch in der neuen&hellip; <\/p>\n","protected":false},"author":1,"featured_media":0,"comment_status":"closed","ping_status":"closed","sticky":false,"template":"","format":"standard","meta":{"footnotes":""},"categories":[1],"tags":[],"quellen":[],"class_list":["post-425","post","type-post","status-publish","format-standard","hentry","category-allgemein"],"_links":{"self":[{"href":"https:\/\/meier-gerdingh.de\/wp-spd-ob\/wp-json\/wp\/v2\/posts\/425","targetHints":{"allow":["GET"]}}],"collection":[{"href":"https:\/\/meier-gerdingh.de\/wp-spd-ob\/wp-json\/wp\/v2\/posts"}],"about":[{"href":"https:\/\/meier-gerdingh.de\/wp-spd-ob\/wp-json\/wp\/v2\/types\/post"}],"author":[{"embeddable":true,"href":"https:\/\/meier-gerdingh.de\/wp-spd-ob\/wp-json\/wp\/v2\/users\/1"}],"replies":[{"embeddable":true,"href":"https:\/\/meier-gerdingh.de\/wp-spd-ob\/wp-json\/wp\/v2\/comments?post=425"}],"version-history":[{"count":0,"href":"https:\/\/meier-gerdingh.de\/wp-spd-ob\/wp-json\/wp\/v2\/posts\/425\/revisions"}],"wp:attachment":[{"href":"https:\/\/meier-gerdingh.de\/wp-spd-ob\/wp-json\/wp\/v2\/media?parent=425"}],"wp:term":[{"taxonomy":"category","embeddable":true,"href":"https:\/\/meier-gerdingh.de\/wp-spd-ob\/wp-json\/wp\/v2\/categories?post=425"},{"taxonomy":"post_tag","embeddable":true,"href":"https:\/\/meier-gerdingh.de\/wp-spd-ob\/wp-json\/wp\/v2\/tags?post=425"},{"taxonomy":"quellen","embeddable":true,"href":"https:\/\/meier-gerdingh.de\/wp-spd-ob\/wp-json\/wp\/v2\/quellen?post=425"}],"curies":[{"name":"wp","href":"https:\/\/api.w.org\/{rel}","templated":true}]}}