{"id":427,"date":"2005-04-14T16:00:00","date_gmt":"2005-04-14T14:00:00","guid":{"rendered":"http:\/\/www.meier-gerdingh.de\/spd-oberhausen\/wp\/?p=427"},"modified":"2017-05-14T12:58:26","modified_gmt":"2017-05-14T10:58:26","slug":"ministerpraesident-steinbrueck-feierte-mit","status":"publish","type":"post","link":"https:\/\/meier-gerdingh.de\/wp-spd-ob\/2005\/04\/14\/ministerpraesident-steinbrueck-feierte-mit\/","title":{"rendered":"Ministerpr\u00e4sident Steinbr\u00fcck feierte mit"},"content":{"rendered":"<div style=\"width: 210px\" class=\"wp-caption alignleft\"><a href=\"http:\/\/meier-gerdingh.de\/wp-spd-ob\/wp-content\/uploads\/steinbrueck_140_jahre_spd_ob.jpg\"><img decoding=\"async\" class=\"size-full\" src=\"http:\/\/meier-gerdingh.de\/wp-spd-ob\/wp-content\/uploads\/steinbrueck_140_jahre_spd_ob.jpg\" alt=\"Ministerpr\u00e4sident Peer Steinbr\u00fcck hielt die Laudatio zum 140. Geburtstag der Oberhausener SPD\" width=\"200\" height=\"141\" \/><\/a><p class=\"wp-caption-text\">Ministerpr\u00e4sident Peer Steinbr\u00fcck hielt die Laudatio zum 140. Geburtstag der Oberhausener SPD<\/p><\/div>\n<p>Auf einhundertvierzig Jahre seit ihrer Gr\u00fcndung blickten die Oberhausener Sozialdemokraten am vergangenen Dienstag bei einer Veranstaltung im Ebertbad, zu der auch NRW-Ministerpr\u00e4sident Peer Steinbr\u00fcck gekommen war. Am 9. April 1865 gr\u00fcndete sich in Oberhausen eine Gemeinde des Allgemeinen Deutschen Arbeiter Vereins, zu der der Beauftragte des ADAV, Caspar Bergrath in das damalige Hotel Reidick eingeladen hatte.<!--more--><\/p>\n<p>Viele Oberhausenerinnen und Oberhausener waren am Dienstagabend ins Ebertbad gekommen, um gemeinsam mit der SPD den Geburtstag zu feiern und mit Peer Steinbr\u00fcck<br \/>\ndie hei\u00dfe Phase des Landtagswahlkampfes in Oberhausen einzul\u00e4uten.<\/p>\n<p>Nach einer mit Geschichten aus vielen Jahren Parteileben der SPD gef\u00fcllten Talkrunde mit dem SPD-Vorsitzenden Hartmut Schmidt, Oberb\u00fcrgermeister Klaus Wehling und den beiden Landtagsabgeordneten Michael Groschek und Wolfgang Gro\u00dfe Br\u00f6mer gratulierte der Ministerpr\u00e4sident der Oberhausener SPD herzlich zum 140sten Geburtstag.<\/p>\n<p>In seiner Rede forderte Peer Steinbr\u00fcck dazu auf, entschieden und mit aller Kraft f\u00fcr den Erfolg der SPD bei der Landtagswahl am 22. Mai bis zum Wahltag zu k\u00e4mpfen.<\/p>\n<p>Steinbr\u00fcck mobilisierte f\u00fcr einen engagierten und themenorientierten Wahlkampf. Die Wahl am 22. Mai sei eine Richtungswahl, in der \u00fcber grundlegende Politikziele, wie die Vereinbarkeit von Familie und Beruf, den Ausbau der Ganztagsbetreuung oder eine behutsame Ver\u00e4nderung der Sozialsysteme, bei der der soziale Zusammenhalt nicht aus den Augen verloren werden d\u00fcrfe, entschieden werde. Es sei aber auch eine Personenwahl: &#8222;Wer Steinbr\u00fcck will, w\u00e4hlt SPD.&#8220;<\/p>\n<p>Nach seiner Rede gab es bis in den Abend noch viele Gespr\u00e4che der G\u00e4ste mit Peer Steinbr\u00fcck, der sich bei einem Glas Pils im Ebertbad Zeit nahm, um mit zahlreichen Geburtstagsg\u00e4sten aus Politik, Wirtschaft, Oberhausener Vereinen und Verb\u00e4nden zu sprechen.<\/p>\n","protected":false},"excerpt":{"rendered":"<p>Auf einhundertvierzig Jahre seit ihrer Gr\u00fcndung blickten die Oberhausener Sozialdemokraten am vergangenen Dienstag bei einer Veranstaltung im Ebertbad, zu der auch NRW-Ministerpr\u00e4sident Peer Steinbr\u00fcck gekommen war. Am 9. April 1865&hellip; <\/p>\n","protected":false},"author":1,"featured_media":0,"comment_status":"closed","ping_status":"closed","sticky":false,"template":"","format":"standard","meta":{"footnotes":""},"categories":[1],"tags":[],"quellen":[],"class_list":["post-427","post","type-post","status-publish","format-standard","hentry","category-allgemein"],"_links":{"self":[{"href":"https:\/\/meier-gerdingh.de\/wp-spd-ob\/wp-json\/wp\/v2\/posts\/427","targetHints":{"allow":["GET"]}}],"collection":[{"href":"https:\/\/meier-gerdingh.de\/wp-spd-ob\/wp-json\/wp\/v2\/posts"}],"about":[{"href":"https:\/\/meier-gerdingh.de\/wp-spd-ob\/wp-json\/wp\/v2\/types\/post"}],"author":[{"embeddable":true,"href":"https:\/\/meier-gerdingh.de\/wp-spd-ob\/wp-json\/wp\/v2\/users\/1"}],"replies":[{"embeddable":true,"href":"https:\/\/meier-gerdingh.de\/wp-spd-ob\/wp-json\/wp\/v2\/comments?post=427"}],"version-history":[{"count":0,"href":"https:\/\/meier-gerdingh.de\/wp-spd-ob\/wp-json\/wp\/v2\/posts\/427\/revisions"}],"wp:attachment":[{"href":"https:\/\/meier-gerdingh.de\/wp-spd-ob\/wp-json\/wp\/v2\/media?parent=427"}],"wp:term":[{"taxonomy":"category","embeddable":true,"href":"https:\/\/meier-gerdingh.de\/wp-spd-ob\/wp-json\/wp\/v2\/categories?post=427"},{"taxonomy":"post_tag","embeddable":true,"href":"https:\/\/meier-gerdingh.de\/wp-spd-ob\/wp-json\/wp\/v2\/tags?post=427"},{"taxonomy":"quellen","embeddable":true,"href":"https:\/\/meier-gerdingh.de\/wp-spd-ob\/wp-json\/wp\/v2\/quellen?post=427"}],"curies":[{"name":"wp","href":"https:\/\/api.w.org\/{rel}","templated":true}]}}