{"id":428,"date":"2005-04-13T16:00:00","date_gmt":"2005-04-13T14:00:00","guid":{"rendered":"http:\/\/www.meier-gerdingh.de\/spd-oberhausen\/wp\/?p=428"},"modified":"2017-05-14T12:58:33","modified_gmt":"2017-05-14T10:58:33","slug":"laermschutz-fuer-oberhausen-osterfeld-sued-festgeschrieben","status":"publish","type":"post","link":"https:\/\/meier-gerdingh.de\/wp-spd-ob\/2005\/04\/13\/laermschutz-fuer-oberhausen-osterfeld-sued-festgeschrieben\/","title":{"rendered":"L\u00e4rmschutz f\u00fcr Oberhausen-Osterfeld S\u00fcd festgeschrieben"},"content":{"rendered":"<div style=\"width: 150px\" class=\"wp-caption alignleft\"><a href=\"http:\/\/meier-gerdingh.de\/wp-spd-ob\/wp-content\/uploads\/grotthaus_rede.jpg\"><img decoding=\"async\" class=\"size-full\" src=\"http:\/\/meier-gerdingh.de\/wp-spd-ob\/wp-content\/uploads\/grotthaus_rede.jpg\" alt=\"Wolfgang Grotthaus: MdB f\u00fcr Oberhausen und Dinslaken\" width=\"140\" height=\"194\" \/><\/a><p class=\"wp-caption-text\">Wolfgang Grotthaus: MdB f\u00fcr Oberhausen und Dinslaken<\/p><\/div>\n<p>Wolfgang Grotthaus, MdB, erkl\u00e4rt, das laut dem ihm gestern vorgelegten Bericht aus dem Bundesministerium f\u00fcr Verkehr, Bau und Wohnungswesen endlich ein Gesamtkonzept zur L\u00e4rmsanierung in Zusammenarbeit mit der Deutschen Bahn AG erarbeitet worden ist, wo auch Oberhausen-Osterfeld S\u00fcd f\u00fcr L\u00e4rmschutzma\u00dfnahmen vorgesehen ist. Dabei handelt es sich um die Schienenstrecken Oberhausen-Osterfeld Bottrop und Oberhausen-Osterfeld-Hamm. F\u00fcr die erste Strecke wird ein Schallschutz von 2,2 km L\u00e4nge und f\u00fcr die zweite Strecke einer von 3,8 km L\u00e4nge errichtet werden.<!--more--><\/p>\n<p>Mit dem L\u00e4rmsanierungsprogramm an den bestehenden Schienenwegen hat die Bundesregierung eine Zusage der Koalitionsvereinbarung umgesetzt, mit der konkrete Verbesserungen f\u00fcr die Anwohner von Schienenwegen erzielt werden.<\/p>\n<p>Die Vorlage einer solchen Gesamtkonzeption zur L\u00e4rmsanierung an bestehenden Schienenwegen der Eisenbahnen des Bundes konnte nur in Zusammenarbeit mit der Deutschen Bahn AG erreicht werden, um einen \u00dcberblick \u00fcber die aktuellen L\u00e4rmemissionen und damit \u00fcber den Gesamtbedarf der L\u00e4rmsanierung zu erhalten.<\/p>\n<p>Erg\u00e4nzende Informationen k\u00f6nnen auch im Internet unter www.bmvbw.de eingesehen werden.<\/p>\n","protected":false},"excerpt":{"rendered":"<p>Wolfgang Grotthaus, MdB, erkl\u00e4rt, das laut dem ihm gestern vorgelegten Bericht aus dem Bundesministerium f\u00fcr Verkehr, Bau und Wohnungswesen endlich ein Gesamtkonzept zur L\u00e4rmsanierung in Zusammenarbeit mit der Deutschen Bahn&hellip; <\/p>\n","protected":false},"author":1,"featured_media":0,"comment_status":"closed","ping_status":"closed","sticky":false,"template":"","format":"standard","meta":{"footnotes":""},"categories":[1],"tags":[],"quellen":[],"class_list":["post-428","post","type-post","status-publish","format-standard","hentry","category-allgemein"],"_links":{"self":[{"href":"https:\/\/meier-gerdingh.de\/wp-spd-ob\/wp-json\/wp\/v2\/posts\/428","targetHints":{"allow":["GET"]}}],"collection":[{"href":"https:\/\/meier-gerdingh.de\/wp-spd-ob\/wp-json\/wp\/v2\/posts"}],"about":[{"href":"https:\/\/meier-gerdingh.de\/wp-spd-ob\/wp-json\/wp\/v2\/types\/post"}],"author":[{"embeddable":true,"href":"https:\/\/meier-gerdingh.de\/wp-spd-ob\/wp-json\/wp\/v2\/users\/1"}],"replies":[{"embeddable":true,"href":"https:\/\/meier-gerdingh.de\/wp-spd-ob\/wp-json\/wp\/v2\/comments?post=428"}],"version-history":[{"count":0,"href":"https:\/\/meier-gerdingh.de\/wp-spd-ob\/wp-json\/wp\/v2\/posts\/428\/revisions"}],"wp:attachment":[{"href":"https:\/\/meier-gerdingh.de\/wp-spd-ob\/wp-json\/wp\/v2\/media?parent=428"}],"wp:term":[{"taxonomy":"category","embeddable":true,"href":"https:\/\/meier-gerdingh.de\/wp-spd-ob\/wp-json\/wp\/v2\/categories?post=428"},{"taxonomy":"post_tag","embeddable":true,"href":"https:\/\/meier-gerdingh.de\/wp-spd-ob\/wp-json\/wp\/v2\/tags?post=428"},{"taxonomy":"quellen","embeddable":true,"href":"https:\/\/meier-gerdingh.de\/wp-spd-ob\/wp-json\/wp\/v2\/quellen?post=428"}],"curies":[{"name":"wp","href":"https:\/\/api.w.org\/{rel}","templated":true}]}}