{"id":429,"date":"2005-04-19T16:00:00","date_gmt":"2005-04-19T14:00:00","guid":{"rendered":"http:\/\/www.meier-gerdingh.de\/spd-oberhausen\/wp\/?p=429"},"modified":"2017-05-14T12:58:15","modified_gmt":"2017-05-14T10:58:15","slug":"neue-bruecke-fuer-oberhausen-dellwig","status":"publish","type":"post","link":"https:\/\/meier-gerdingh.de\/wp-spd-ob\/2005\/04\/19\/neue-bruecke-fuer-oberhausen-dellwig\/","title":{"rendered":"Neue Br\u00fccke f\u00fcr Oberhausen-Dellwig"},"content":{"rendered":"<div style=\"width: 210px\" class=\"wp-caption alignleft\"><a href=\"http:\/\/meier-gerdingh.de\/wp-spd-ob\/wp-content\/uploads\/bruecke_dellwig.jpg\"><img decoding=\"async\" class=\"size-full\" src=\"http:\/\/meier-gerdingh.de\/wp-spd-ob\/wp-content\/uploads\/bruecke_dellwig.jpg\" alt=\"Lassen nicht locker in Sachen Br\u00fccke, v. r.: Wolfgang Gro\u00dfe Br\u00f6mer (SPD-Fraktionschef), Klaus Wehling (Oberb\u00fcrgermeister), Walburga Grunauer (Stadtverordnete)\" width=\"200\" height=\"175\" \/><\/a><p class=\"wp-caption-text\">Lassen nicht locker in Sachen Br\u00fccke, v. r.: Wolfgang Gro\u00dfe Br\u00f6mer (SPD-Fraktionschef), Klaus Wehling (Oberb\u00fcrgermeister), Walburga Grunauer (Stadtverordnete)<\/p><\/div>\n<p>&#8222;Wir werden allen Register ziehen, um die Abkoppelung Dellwigs so schnell wie m\u00f6glich zu beenden.&#8220; Diese Zusage von Oberb\u00fcrgermeister Klaus Wehling und dem SPD-Fraktionsvorsitzenden Wolfgang Gro\u00dfe Br\u00f6mer konnten \u00fcber 200 B\u00fcrgerinnen und B\u00fcrger von einer B\u00fcrgerversammlung des SPD-Ortsvereins Oberhausen-Ost in der Gastst\u00e4tte Matecki mit nach Hause nehmen. Im Wesentlichen ging es um einen raschen Neubau der Br\u00fccke, den die SPD durch eine Korrektur der Stadtgrenze mit Essen erm\u00f6glichen will, und um eine kurzfristige Verbesserung der Einkaufsm\u00f6glichkeiten durch einen Bringdienst der Arbeiterwohlfahrt und einen mobilen H\u00e4ndler.<!--more--><\/p>\n<p>Neben Wehling und Gro\u00dfe Br\u00f6mer standen auch Ludger Kloidt von der Br\u00fcckeneigent\u00fcmerin LEG, Baudezernent Peter Klunk und der Ortsvereins-Vorsitzende Frank Motschull Rede und Antwort, um L\u00f6sungsans\u00e4tze zu den dr\u00e4ngenden Problemen des Stadtteils vorzutragen.<\/p>\n<p>Gro\u00dfe Br\u00f6mer und Wehling erkl\u00e4rten zur Zufriedenheit der Zuh\u00f6rer, dass die Stadt Oberhausen mit Nachdruck daran arbeitet, um die Br\u00fccke in die h\u00f6chste Priorit\u00e4t des NRW-Stra\u00dfenbauprogramms zu bringen. Gleichzeitig, so der Oberb\u00fcrgermeister weiter, setzt sich die Stadt f\u00fcr eine Korrektur der Stadtgrenze ein, damit die Br\u00fccke vom Essener ins Oberhausener Stadtgebiet wechsele. Dabei geht es um rund 5.000 qm Gr\u00fcnfl\u00e4che.<\/p>\n<p>Der Oberb\u00fcrgermeister berichtete, dass ihm der Regierungspr\u00e4sident Unterst\u00fctzung bei der angestrebten Gebiets\u00e4nderung zugesichert habe. Vorher bed\u00fcrfe es der Ratsbeschl\u00fcsse in Oberhausen &#8211; kein Problem &#8211; und in Essen. Wehling hat dar\u00fcber bereits mit seinem Essener Kollegen Dr. Reiniger gesprochen. Der habe nichts dagegen, wolle aber auch der politischen Willensbildung in Essen nicht vorgreifen. &#8211; Jedenfalls stimmt die SPD-Fraktion in Essen der neuen Grenzziehung zu, wie ein Vertreter w\u00e4hrend der Versammlung bekr\u00e4ftigte. Wehling und Baudezernent Klunk hoben hervor, dass ein solcher Beschluss f\u00fcr Essen keine Nachteile habe: Kein einziger Einwohner, kein einziger Betrieb wechsele die Stadtzugeh\u00f6rigkeit; daf\u00fcr aber entledige sich die Stadt Essen der Kosten f\u00fcr einen Neubau. Dies sei f\u00fcr Essen auch insofern interessant, weil dort Br\u00fcckensanierungen an der Ruhr eine h\u00f6here Priorit\u00e4t genie\u00dfen und die Ripshorster Br\u00fccke im gesamtst\u00e4dtischen Rahmen f\u00fcr die Nachbarstadt nur untergeordnete Bedeutung hat.<\/p>\n<p>Dass ein Br\u00fcckenneubau durch die Stadt Oberhausen zu stemmen sein wird, dazu tr\u00e4gt die Br\u00fccken-Eigent\u00fcmerin LEG bei. Den kommunalen Eigenanteil zu einer Landesfinanzierung in H\u00f6he von 20 Prozent &#8211; wie bei Br\u00fccken \u00fcblich &#8211; werde die LEG bereitstellen.<\/p>\n<p>Die Einzelhandels-Versorgung im Stadtteil Dellwig, wo vor zwei Wochen der letzte H\u00e4ndler seine Pforten schloss, die Situation der Spielpl\u00e4tze, Kinderg\u00e4rten und der evangelischen Kirchengemeinde waren weitere Themen des Abends. Viele B\u00fcrgerinnen und B\u00fcrger \u00e4u\u00dferten ihre Sorge um den Verlust ihrer Lebensqualit\u00e4t. Die Vertreter von SPD und Stadt sagten schnelle Hilfe und stets ein offenes Ohr zu. So etwa machte Baudezernent Klunk N\u00e4gel mit K\u00f6pfen und vereinbarte mit betroffenen M\u00fcttern gleich einen Ortstermin zu einer Spielplatz-Umlegung und -Aufwertung. Gerade die aktuelle Entwicklung um den Einzelhandel und die negativen Folgen f\u00fcr die weniger mobilen Senioren lie\u00dfen Emotionen aufkommen. Oberb\u00fcrgermeister Wehling und die Vertreter des SPD-Ortsvereins Oberhausen-Ost erkl\u00e4rten, zwar keinen eigenen Laden er\u00f6ffnen zu k\u00f6nnen. Sie sicherten jedoch zu, in bereits aufgenommenen Gespr\u00e4chen mit Edeka und weiteren Anbietern auf eine schnelle L\u00f6sung, auf die Wiederer\u00f6ffnung des ehemaligen Edeka-Supermarktes unter neuem Betreiber hinzuarbeiten.<\/p>\n<p>Handfest war dazu ebenfalls das neue Angebot der Arbeiterwohlfahrt. Deren Vorsitzender Jochen Kamps erkl\u00e4rte, ab dem 25.04. werde ein Einkaufs-Bringdienst zu geringen Kosten angeboten. Interessierte k\u00f6nnten sich dann telefonisch unter 85 000 80 Montags bis Donnerstags von 7.30 bis 16 Uhr, Freitags von 7.30 bis 14 Uhr melden. Au\u00dferdem wird sich ein mobiler H\u00e4ndler mit Waren des t\u00e4glichen Bedarfs ab sofort um 15 Uhr vor dem Haus Isabel am Edeka-Parkplatz platzieren.<\/p>\n","protected":false},"excerpt":{"rendered":"<p>&#8222;Wir werden allen Register ziehen, um die Abkoppelung Dellwigs so schnell wie m\u00f6glich zu beenden.&#8220; Diese Zusage von Oberb\u00fcrgermeister Klaus Wehling und dem SPD-Fraktionsvorsitzenden Wolfgang Gro\u00dfe Br\u00f6mer konnten \u00fcber 200&hellip; <\/p>\n","protected":false},"author":1,"featured_media":0,"comment_status":"closed","ping_status":"closed","sticky":false,"template":"","format":"standard","meta":{"footnotes":""},"categories":[1],"tags":[],"quellen":[],"class_list":["post-429","post","type-post","status-publish","format-standard","hentry","category-allgemein"],"_links":{"self":[{"href":"https:\/\/meier-gerdingh.de\/wp-spd-ob\/wp-json\/wp\/v2\/posts\/429","targetHints":{"allow":["GET"]}}],"collection":[{"href":"https:\/\/meier-gerdingh.de\/wp-spd-ob\/wp-json\/wp\/v2\/posts"}],"about":[{"href":"https:\/\/meier-gerdingh.de\/wp-spd-ob\/wp-json\/wp\/v2\/types\/post"}],"author":[{"embeddable":true,"href":"https:\/\/meier-gerdingh.de\/wp-spd-ob\/wp-json\/wp\/v2\/users\/1"}],"replies":[{"embeddable":true,"href":"https:\/\/meier-gerdingh.de\/wp-spd-ob\/wp-json\/wp\/v2\/comments?post=429"}],"version-history":[{"count":0,"href":"https:\/\/meier-gerdingh.de\/wp-spd-ob\/wp-json\/wp\/v2\/posts\/429\/revisions"}],"wp:attachment":[{"href":"https:\/\/meier-gerdingh.de\/wp-spd-ob\/wp-json\/wp\/v2\/media?parent=429"}],"wp:term":[{"taxonomy":"category","embeddable":true,"href":"https:\/\/meier-gerdingh.de\/wp-spd-ob\/wp-json\/wp\/v2\/categories?post=429"},{"taxonomy":"post_tag","embeddable":true,"href":"https:\/\/meier-gerdingh.de\/wp-spd-ob\/wp-json\/wp\/v2\/tags?post=429"},{"taxonomy":"quellen","embeddable":true,"href":"https:\/\/meier-gerdingh.de\/wp-spd-ob\/wp-json\/wp\/v2\/quellen?post=429"}],"curies":[{"name":"wp","href":"https:\/\/api.w.org\/{rel}","templated":true}]}}