{"id":43,"date":"2002-06-20T16:00:00","date_gmt":"2002-06-20T14:00:00","guid":{"rendered":"http:\/\/www.meier-gerdingh.de\/spd-oberhausen\/wp\/?p=43"},"modified":"2017-05-12T09:22:46","modified_gmt":"2017-05-12T07:22:46","slug":"lvr-gibt-1-million-euro-fuer-modernisierung-des-berufsfoerderungswerks-in-oberhausen","status":"publish","type":"post","link":"https:\/\/meier-gerdingh.de\/wp-spd-ob\/2002\/06\/20\/lvr-gibt-1-million-euro-fuer-modernisierung-des-berufsfoerderungswerks-in-oberhausen\/","title":{"rendered":"LVR gibt 1 Million Euro f\u00fcr Modernisierung des Berufsf\u00f6rderungswerks in Oberhausen"},"content":{"rendered":"<div style=\"width: 116px\" class=\"wp-caption alignleft\"><a href=\"http:\/\/meier-gerdingh.de\/wp-spd-ob\/wp-content\/uploads\/lvr.gif\"><img decoding=\"async\" class=\"size-full\" src=\"http:\/\/meier-gerdingh.de\/wp-spd-ob\/wp-content\/uploads\/lvr.gif\" alt=\"Logo Landschaftsverband Rheinland\" width=\"106\" height=\"82\" \/><\/a><p class=\"wp-caption-text\">Logo Landschaftsverband Rheinland<\/p><\/div>\n<p>Gute Kunde f\u00fcr das Oberhausener Berufsf\u00f6rderungswerk bringt SPD-Ratsmitglied Thomas Di\u00dfelmeyer vom Landschaftsverband Rheinland mit. F\u00fcr Investitionen in die grundlegende Modernisierung der Infrastruktur des Geb\u00e4udes stellt der Landschaftsverband insgesamt mehr als 1\u00a0Million Euro zur Verf\u00fcgung.<!--more--><\/p>\n<p>Im 1978 errichteten Berufsf\u00f6rderungswerk werden Menschen, die durch Krankheit oder Unfall nicht mehr in der Lage sind, ihren gegenw\u00e4rtigen Beruf weiter auszu\u00fcben, umgeschult und weiter qualifiziert. Insgesamt betreut das Berufsf\u00f6rderungswerk zur Zeit 950 Schulungsteilnehmer. Der Anteil schwerbehinderter Menschen, die hier auf eine neue Berufst\u00e4tigkeit vorbereitet werden, liegt dabei knapp unter 25\u00a0Prozent.<\/p>\n<p>Die Gesamtkosten f\u00fcr die Modernisierung des Berufsf\u00f6rderungswerks betragen rund 27\u00a0Millionen Euro. Neben dem LVR beteiligen sich unter anderem die Bundes- und Landesregierung, die Bundesanstalt f\u00fcr Arbeit sowie die Landesversicherungsanstalten NRW an der Finanzierung dieser Ma\u00dfnahme.<\/p>\n","protected":false},"excerpt":{"rendered":"<p>Gute Kunde f\u00fcr das Oberhausener Berufsf\u00f6rderungswerk bringt SPD-Ratsmitglied Thomas Di\u00dfelmeyer vom Landschaftsverband Rheinland mit. F\u00fcr Investitionen in die grundlegende Modernisierung der Infrastruktur des Geb\u00e4udes stellt der Landschaftsverband insgesamt mehr als&hellip; <\/p>\n","protected":false},"author":1,"featured_media":0,"comment_status":"closed","ping_status":"closed","sticky":false,"template":"","format":"standard","meta":{"footnotes":""},"categories":[1],"tags":[],"quellen":[],"class_list":["post-43","post","type-post","status-publish","format-standard","hentry","category-allgemein"],"_links":{"self":[{"href":"https:\/\/meier-gerdingh.de\/wp-spd-ob\/wp-json\/wp\/v2\/posts\/43","targetHints":{"allow":["GET"]}}],"collection":[{"href":"https:\/\/meier-gerdingh.de\/wp-spd-ob\/wp-json\/wp\/v2\/posts"}],"about":[{"href":"https:\/\/meier-gerdingh.de\/wp-spd-ob\/wp-json\/wp\/v2\/types\/post"}],"author":[{"embeddable":true,"href":"https:\/\/meier-gerdingh.de\/wp-spd-ob\/wp-json\/wp\/v2\/users\/1"}],"replies":[{"embeddable":true,"href":"https:\/\/meier-gerdingh.de\/wp-spd-ob\/wp-json\/wp\/v2\/comments?post=43"}],"version-history":[{"count":0,"href":"https:\/\/meier-gerdingh.de\/wp-spd-ob\/wp-json\/wp\/v2\/posts\/43\/revisions"}],"wp:attachment":[{"href":"https:\/\/meier-gerdingh.de\/wp-spd-ob\/wp-json\/wp\/v2\/media?parent=43"}],"wp:term":[{"taxonomy":"category","embeddable":true,"href":"https:\/\/meier-gerdingh.de\/wp-spd-ob\/wp-json\/wp\/v2\/categories?post=43"},{"taxonomy":"post_tag","embeddable":true,"href":"https:\/\/meier-gerdingh.de\/wp-spd-ob\/wp-json\/wp\/v2\/tags?post=43"},{"taxonomy":"quellen","embeddable":true,"href":"https:\/\/meier-gerdingh.de\/wp-spd-ob\/wp-json\/wp\/v2\/quellen?post=43"}],"curies":[{"name":"wp","href":"https:\/\/api.w.org\/{rel}","templated":true}]}}