{"id":430,"date":"2005-04-26T16:00:00","date_gmt":"2005-04-26T14:00:00","guid":{"rendered":"http:\/\/www.meier-gerdingh.de\/spd-oberhausen\/wp\/?p=430"},"modified":"2017-05-14T12:58:07","modified_gmt":"2017-05-14T10:58:07","slug":"jugendliche-beim-uebergang-in-den-beruf-besser-unterstuetzen","status":"publish","type":"post","link":"https:\/\/meier-gerdingh.de\/wp-spd-ob\/2005\/04\/26\/jugendliche-beim-uebergang-in-den-beruf-besser-unterstuetzen\/","title":{"rendered":"Jugendliche beim \u00dcbergang in den Beruf besser unterst\u00fctzen"},"content":{"rendered":"<div style=\"width: 150px\" class=\"wp-caption alignleft\"><a href=\"http:\/\/meier-gerdingh.de\/wp-spd-ob\/wp-content\/uploads\/grosse_broemer_wolfgang.jpg\"><img decoding=\"async\" class=\"size-full\" src=\"http:\/\/meier-gerdingh.de\/wp-spd-ob\/wp-content\/uploads\/grosse_broemer_wolfgang.jpg\" alt=\"Wolfgang Gro\u00dfe Br\u00f6mer ist Chef der Oberhausener SPD-Fraktion und Mitglied des Landtags von NRW\" width=\"140\" height=\"191\" \/><\/a><p class=\"wp-caption-text\">Wolfgang Gro\u00dfe Br\u00f6mer ist Chef der Oberhausener SPD-Fraktion und Mitglied des Landtags von NRW<\/p><\/div>\n<p>F\u00fcr eine st\u00e4rkere Unterst\u00fctzung von Jugendlichen beim \u00dcbergang von der Schule in den Beruf setzt sich die SPD in einem Antrag an die zust\u00e4ndigen Ratsaussch\u00fcsse ein. Wolfgang Gro\u00dfe Br\u00f6mer (MdL und SPD-Fraktionschef) fordert die Verwaltung auf, neue F\u00f6rderm\u00f6glichkeiten des Landes in diesem Bereich aufzugreifen und so die st\u00e4dtischen Aktivit\u00e4ten f\u00fcr betroffene Jugendliche zu verst\u00e4rken.<!--more--><\/p>\n<p>Neben den g\u00e4ngigen Instrumenten, wie der Berufsberatung der Agentur f\u00fcr Arbeit, gibt es in Oberhausen verschiedene erfolgreiche Projekte, darunter etwa die BUS-Ma\u00dfnahmen an Schulen und das Projekt &#8222;Unternehmen Schule&#8220;. Diese und andere Ma\u00dfnahmen sollen nach dem Willen der SPD ausgeweitet und erg\u00e4nzt werden.<\/p>\n<p>Hierbei sollen die in diesem Bereich t\u00e4tigen Tr\u00e4ger und Institutionen einbezogen werden. Insbesondere sei auch der Jobcenter f\u00fcr Jugendliche zu beteiligen, um eine verbesserte Verkn\u00fcpfung der Arbeitsmarktf\u00f6rderung mit schulischen Ma\u00dfnahmen zu erreichen. Durch die verbesserte Betreuung arbeitsloser Jungendliche im neuen Jobcenter Jugend sei deutlich geworden, dass gro\u00dfe Teile dieser Jugendlichen keinen Schul- und keinen Berufsabschluss haben. Hierauf m\u00fcsse, so Stefan Zimkeit als schulpolitischer Sprecher der SPD-Ratsfraktion, verst\u00e4rkt reagiert werden.<\/p>\n<p>Die Verwaltung wird im SPD-Antrag aufgefordert, ein entsprechendes Konzept vorzulegen. Ziel sei es, die Chancen insbesondere benachteiligter Jugendlicher f\u00fcr den Einstieg in das Berufsleben zu verbessern.<\/p>\n","protected":false},"excerpt":{"rendered":"<p>F\u00fcr eine st\u00e4rkere Unterst\u00fctzung von Jugendlichen beim \u00dcbergang von der Schule in den Beruf setzt sich die SPD in einem Antrag an die zust\u00e4ndigen Ratsaussch\u00fcsse ein. Wolfgang Gro\u00dfe Br\u00f6mer (MdL&hellip; <\/p>\n","protected":false},"author":1,"featured_media":0,"comment_status":"closed","ping_status":"closed","sticky":false,"template":"","format":"standard","meta":{"footnotes":""},"categories":[1],"tags":[],"quellen":[],"class_list":["post-430","post","type-post","status-publish","format-standard","hentry","category-allgemein"],"_links":{"self":[{"href":"https:\/\/meier-gerdingh.de\/wp-spd-ob\/wp-json\/wp\/v2\/posts\/430","targetHints":{"allow":["GET"]}}],"collection":[{"href":"https:\/\/meier-gerdingh.de\/wp-spd-ob\/wp-json\/wp\/v2\/posts"}],"about":[{"href":"https:\/\/meier-gerdingh.de\/wp-spd-ob\/wp-json\/wp\/v2\/types\/post"}],"author":[{"embeddable":true,"href":"https:\/\/meier-gerdingh.de\/wp-spd-ob\/wp-json\/wp\/v2\/users\/1"}],"replies":[{"embeddable":true,"href":"https:\/\/meier-gerdingh.de\/wp-spd-ob\/wp-json\/wp\/v2\/comments?post=430"}],"version-history":[{"count":0,"href":"https:\/\/meier-gerdingh.de\/wp-spd-ob\/wp-json\/wp\/v2\/posts\/430\/revisions"}],"wp:attachment":[{"href":"https:\/\/meier-gerdingh.de\/wp-spd-ob\/wp-json\/wp\/v2\/media?parent=430"}],"wp:term":[{"taxonomy":"category","embeddable":true,"href":"https:\/\/meier-gerdingh.de\/wp-spd-ob\/wp-json\/wp\/v2\/categories?post=430"},{"taxonomy":"post_tag","embeddable":true,"href":"https:\/\/meier-gerdingh.de\/wp-spd-ob\/wp-json\/wp\/v2\/tags?post=430"},{"taxonomy":"quellen","embeddable":true,"href":"https:\/\/meier-gerdingh.de\/wp-spd-ob\/wp-json\/wp\/v2\/quellen?post=430"}],"curies":[{"name":"wp","href":"https:\/\/api.w.org\/{rel}","templated":true}]}}