{"id":432,"date":"2005-04-29T16:00:00","date_gmt":"2005-04-29T14:00:00","guid":{"rendered":"http:\/\/www.meier-gerdingh.de\/spd-oberhausen\/wp\/?p=432"},"modified":"2017-05-14T12:57:59","modified_gmt":"2017-05-14T10:57:59","slug":"ueber-52-millionen-euro-fuer-ausbau-von-ganztagsschulen-in-oberhausen","status":"publish","type":"post","link":"https:\/\/meier-gerdingh.de\/wp-spd-ob\/2005\/04\/29\/ueber-52-millionen-euro-fuer-ausbau-von-ganztagsschulen-in-oberhausen\/","title":{"rendered":"\u00dcber 5,2 Millionen Euro f\u00fcr Ausbau von Ganztagsschulen in Oberhausen"},"content":{"rendered":"<div style=\"width: 210px\" class=\"wp-caption alignleft\"><a href=\"http:\/\/meier-gerdingh.de\/wp-spd-ob\/wp-content\/uploads\/knappengrundschule.jpg\"><img decoding=\"async\" class=\"size-full\" src=\"http:\/\/meier-gerdingh.de\/wp-spd-ob\/wp-content\/uploads\/knappengrundschule.jpg\" alt=\"Die Knappengrundschule: Eine der ersten Oberhausener Ganztagsschulen\" width=\"200\" height=\"153\" \/><\/a><p class=\"wp-caption-text\">Die Knappengrundschule: Eine der ersten Oberhausener Ganztagsschulen<\/p><\/div>\n<p>5,29 Millionen Euro f\u00fcr den Ausbau der Ganztagsgrundschulen in Oberhausen hat das Land Nordrhein-Westfalen nun bewilligt, dies teilten die SPD-Landtagsabgeordneten Mike Groschek und Wolfgang Gro\u00dfe Br\u00f6mer mit. Mit diesen Mitteln werden Bauma\u00dfnahmen und die Ausstattung von 22 Ganztagsgrundschulen in Oberhausen gef\u00f6rdert. Wolfgang Gro\u00dfe Br\u00f6mer sieht in der Bewilligung der Mittel durch die Landesregierung einen weiteren wichtigen Schritt zum fl\u00e4chendeckenden Ausbau der offenen Ganztagsgrundschulen in Oberhausen.<!--more--><\/p>\n<p>Die offene Ganztagsgrundschule in Nordrhein Westfalen ist eine Erfolgsgeschichte, so Gro\u00dfe Br\u00f6mer weiter, &#8222;die wir fortsetzen werden.&#8220; Besonders zufrieden zeigte er sich, dass in Oberhausen zum n\u00e4chsten Schuljahr Dreiviertel der Grundschulen dieses Modell der verbesserten F\u00f6rderung und Betreuung von Sch\u00fclerinnen und Sch\u00fclern anbieten werden. Damit liege Oberhausen beim Ausbau von Ganztagsschulen landesweit vorne.<\/p>\n<p>Mike Groschek betonte, dass diese Mittel nicht nur notwendige Investitionen in die Zukunft unserer Kinder seien, sondern dass dadurch auch Arbeitspl\u00e4tze im Oberhausener Handwerk gesichert w\u00fcrden. Es sei gute Tradition in Oberhausen, von den hohen Investitionen in die Schulen kleine und mittlere Betriebe aus Oberhausen profitieren zu lassen.<\/p>\n<p>Wolfgang Gro\u00dfe Br\u00f6mer zeigte sich erfreut, dass Initiativen der SPD zur schnelleren Bearbeitung der Zuschussantr\u00e4ge der Kommunen erfolgreich waren. Gab es im letzten Jahr noch Probleme durch die sp\u00e4te Bewilligung k\u00f6nne nun fr\u00fchzeitig mit der Umsetzung der Bauma\u00dfnahmen begonnen werden.<\/p>\n<p>Durch gemeinsame Anstrengungen von Bund, Land und Stadt werden in Oberhausen ab, dem n\u00e4chsten Schuljahr \u00fcber 1200 Kinder eine verbesserte schulische F\u00f6rderung und eine verbesserte Betreuung erhalten, so Gro\u00dfe Br\u00f6mer und Groschek. Dies sei ein gro\u00dfer Erfolg sozialdemokratischer Bildungspolitik, der gegen den Widerstand der CDU durchgesetzt wurde. Beide k\u00fcndigten an, diese Anstrengungen fortzusetzen und das erfolgreiche Modell offene Ganztagsschule auf die weiterf\u00fchrenden Schulen auszuweiten.<\/p>\n","protected":false},"excerpt":{"rendered":"<p>5,29 Millionen Euro f\u00fcr den Ausbau der Ganztagsgrundschulen in Oberhausen hat das Land Nordrhein-Westfalen nun bewilligt, dies teilten die SPD-Landtagsabgeordneten Mike Groschek und Wolfgang Gro\u00dfe Br\u00f6mer mit. Mit diesen Mitteln&hellip; <\/p>\n","protected":false},"author":1,"featured_media":0,"comment_status":"closed","ping_status":"closed","sticky":false,"template":"","format":"standard","meta":{"footnotes":""},"categories":[1],"tags":[],"quellen":[],"class_list":["post-432","post","type-post","status-publish","format-standard","hentry","category-allgemein"],"_links":{"self":[{"href":"https:\/\/meier-gerdingh.de\/wp-spd-ob\/wp-json\/wp\/v2\/posts\/432","targetHints":{"allow":["GET"]}}],"collection":[{"href":"https:\/\/meier-gerdingh.de\/wp-spd-ob\/wp-json\/wp\/v2\/posts"}],"about":[{"href":"https:\/\/meier-gerdingh.de\/wp-spd-ob\/wp-json\/wp\/v2\/types\/post"}],"author":[{"embeddable":true,"href":"https:\/\/meier-gerdingh.de\/wp-spd-ob\/wp-json\/wp\/v2\/users\/1"}],"replies":[{"embeddable":true,"href":"https:\/\/meier-gerdingh.de\/wp-spd-ob\/wp-json\/wp\/v2\/comments?post=432"}],"version-history":[{"count":0,"href":"https:\/\/meier-gerdingh.de\/wp-spd-ob\/wp-json\/wp\/v2\/posts\/432\/revisions"}],"wp:attachment":[{"href":"https:\/\/meier-gerdingh.de\/wp-spd-ob\/wp-json\/wp\/v2\/media?parent=432"}],"wp:term":[{"taxonomy":"category","embeddable":true,"href":"https:\/\/meier-gerdingh.de\/wp-spd-ob\/wp-json\/wp\/v2\/categories?post=432"},{"taxonomy":"post_tag","embeddable":true,"href":"https:\/\/meier-gerdingh.de\/wp-spd-ob\/wp-json\/wp\/v2\/tags?post=432"},{"taxonomy":"quellen","embeddable":true,"href":"https:\/\/meier-gerdingh.de\/wp-spd-ob\/wp-json\/wp\/v2\/quellen?post=432"}],"curies":[{"name":"wp","href":"https:\/\/api.w.org\/{rel}","templated":true}]}}