{"id":433,"date":"2005-05-11T16:00:00","date_gmt":"2005-05-11T14:00:00","guid":{"rendered":"http:\/\/www.meier-gerdingh.de\/spd-oberhausen\/wp\/?p=433"},"modified":"2017-05-14T12:57:41","modified_gmt":"2017-05-14T10:57:41","slug":"erlebnisse-aus-kriegs-und-nachkriegzeit-weitergeben","status":"publish","type":"post","link":"https:\/\/meier-gerdingh.de\/wp-spd-ob\/2005\/05\/11\/erlebnisse-aus-kriegs-und-nachkriegzeit-weitergeben\/","title":{"rendered":"Erlebnisse aus Kriegs- und Nachkriegzeit weitergeben"},"content":{"rendered":"<p><a href=\"http:\/\/meier-gerdingh.de\/wp-spd-ob\/wp-content\/uploads\/logo_60plus.gif\"><img decoding=\"async\" class=\"size-full alignleft\" src=\"http:\/\/meier-gerdingh.de\/wp-spd-ob\/wp-content\/uploads\/logo_60plus.gif\" alt=\"\" width=\"80\" height=\"80\" \/><\/a>Mit einem Appell an die anwesenden Seniorinnen und Senioren, selbst Erlebtes aus der Kriegs- und Nachkriegszeit aufzuschreiben und an die j\u00fcngere Generation weiter zu geben, bevor es verloren geht, beendete Klaus Oberschewen, Fachbereichsleiter der VHS Oberhausen, einen Informationsnachmittag der SPD-Senioren im Saal der Hermann und Luise Albertz-Stiftung am Julius-Brecht-Anger.<!--more--><\/p>\n<p>Wer gekommen war, das Thema &#8222;Geschichte Oberhausens&#8220; in einem Schnelldurchlauf vorgesetzt zu bekommen, sah sich angenehm entt\u00e4uscht, denn Klaus Oberschewen erl\u00e4uterte statt dessen ausf\u00fchrlich, wie die j\u00fcngere Geschichte unserer Stadt \u00fcber die Gedenkhalle, das Projekt Sozialgeschichte und beispielsweise den &#8222;Geschichtsverein Oberhausen Ost&#8220; aufgearbeitet wurde.<\/p>\n<p>Als Geschichtsschreibung &#8222;von unten&#8220; sollen die arbeitenden Menschen unserer Stadt einen Platz in der tradierten Erinnerung bekommen und erhalten, weniger rein statistische Daten und etwa die Rolle fr\u00fcherer Oberb\u00fcrgermeister sollen das Geschichtsbild beherrschen. Es gehe darum, mit der Darstellung, was die Menschen in unserer Stadt erlebt, aber auch erlitten haben, die Auseinandersetzung mit der Geschichte aufzunehmen.<\/p>\n<p>Den 10. Mai, den 72. Jahrestag der B\u00fccherverbrennung durch die Nazis, w\u00e4hlte Klaus Oberschewen dann beispielhaft f\u00fcr die Sichtweise &#8222;Geschichte von unten&#8220; zum Anlass einer Lesung aus dem Spanischen Kriegstagebuch von Alfred Kantorowicz. Dabei ging es um den Oberhausener Nazi-Gegner Fritz Giga, seine Rolle bei der Niederwerfung des Kapp-Putsches und seinen unbeschreiblichen Leidensweg infolge der Verhaftung durch die Nationalsozialisten, die grausamen Foltern durch die SA, seine wundersame Rettung durch politische Freunde, die &#8211; als SA-Leute verkleidet &#8211; ihm die Flucht nach Holland erm\u00f6glicht hatten, und seine sp\u00e4tere Rolle als Kompaniechef der Internationalen Brigaden im Kampf gegen die Faschisten im Spanischen B\u00fcrgerkrieg.<\/p>\n<p>Von der dadurch anger\u00fchrten und betroffenen Zuh\u00f6rerschaft erwartet Seniorenchef Rudi Hegenberg bleibende Anst\u00f6\u00dfe zum Aufschreiben des selbst Erlebten und im Sinne seiner Aufforderung, &#8222;vom Lesen zum Handeln&#8220; zu gelangen.<\/p>\n","protected":false},"excerpt":{"rendered":"<p>Mit einem Appell an die anwesenden Seniorinnen und Senioren, selbst Erlebtes aus der Kriegs- und Nachkriegszeit aufzuschreiben und an die j\u00fcngere Generation weiter zu geben, bevor es verloren geht, beendete&hellip; <\/p>\n","protected":false},"author":1,"featured_media":0,"comment_status":"closed","ping_status":"closed","sticky":false,"template":"","format":"standard","meta":{"footnotes":""},"categories":[1],"tags":[],"quellen":[],"class_list":["post-433","post","type-post","status-publish","format-standard","hentry","category-allgemein"],"_links":{"self":[{"href":"https:\/\/meier-gerdingh.de\/wp-spd-ob\/wp-json\/wp\/v2\/posts\/433","targetHints":{"allow":["GET"]}}],"collection":[{"href":"https:\/\/meier-gerdingh.de\/wp-spd-ob\/wp-json\/wp\/v2\/posts"}],"about":[{"href":"https:\/\/meier-gerdingh.de\/wp-spd-ob\/wp-json\/wp\/v2\/types\/post"}],"author":[{"embeddable":true,"href":"https:\/\/meier-gerdingh.de\/wp-spd-ob\/wp-json\/wp\/v2\/users\/1"}],"replies":[{"embeddable":true,"href":"https:\/\/meier-gerdingh.de\/wp-spd-ob\/wp-json\/wp\/v2\/comments?post=433"}],"version-history":[{"count":0,"href":"https:\/\/meier-gerdingh.de\/wp-spd-ob\/wp-json\/wp\/v2\/posts\/433\/revisions"}],"wp:attachment":[{"href":"https:\/\/meier-gerdingh.de\/wp-spd-ob\/wp-json\/wp\/v2\/media?parent=433"}],"wp:term":[{"taxonomy":"category","embeddable":true,"href":"https:\/\/meier-gerdingh.de\/wp-spd-ob\/wp-json\/wp\/v2\/categories?post=433"},{"taxonomy":"post_tag","embeddable":true,"href":"https:\/\/meier-gerdingh.de\/wp-spd-ob\/wp-json\/wp\/v2\/tags?post=433"},{"taxonomy":"quellen","embeddable":true,"href":"https:\/\/meier-gerdingh.de\/wp-spd-ob\/wp-json\/wp\/v2\/quellen?post=433"}],"curies":[{"name":"wp","href":"https:\/\/api.w.org\/{rel}","templated":true}]}}