{"id":4334,"date":"2017-05-16T16:32:41","date_gmt":"2017-05-16T14:32:41","guid":{"rendered":"http:\/\/meier-gerdingh.de\/wp-spd-ob\/?p=4334"},"modified":"2019-01-24T19:48:00","modified_gmt":"2019-01-24T18:48:00","slug":"landtag-darf-keine-buehne-fuer-afd-propaganda-bieten","status":"publish","type":"post","link":"https:\/\/meier-gerdingh.de\/wp-spd-ob\/2017\/05\/16\/landtag-darf-keine-buehne-fuer-afd-propaganda-bieten\/","title":{"rendered":"Landtag darf keine B\u00fchne f\u00fcr AfD-Propaganda bieten"},"content":{"rendered":"<p>Der Landtag d\u00fcrfe keine B\u00fchne f\u00fcr Rechtspopulismus und Extremismus sein, sind sich die Landtagsabgeordneten Sonja Bongers und Stefan Zimkeit einig. &#8222;Die AfD wird im Landtag alle demokratischen Rechte erhalten&#8220;, sagte Sonja Bongers nach ihrer ersten Fraktionssitzung in D\u00fcsseldorf. &#8222;Aber das Parlament wird keinen Platz f\u00fcr undemokratische Propaganda bieten.&#8220;<!--more--><\/p>\n<p>Dass die AfD in Oberhausen 11 Prozent der Stimmen erhalten hat, ist aus Stefan Zimkeits Sicht unertr\u00e4glich. &#8222;Kaum verhohlene Ausl\u00e4nderfeindlichkeit und eine tief sitzende Ablehnung von demokratischen Institutionen, Minderheitenrechten und Pressefreiheit pr\u00e4gen diese Partei&#8220;, stellt der Abgeordnete fest. &#8222;Die demokratischen Parteien m\u00fcssen noch mehr zusammenstehen, um die AfD zur\u00fcckzudr\u00e4ngen&#8220;, warnt er davor, zur Tagesordnung zur\u00fcckzukehren.<\/p>\n<p>Es seien in erster Linie m\u00e4nnliche Arbeiter zwischen 25 und 44 Jahren gewesen, die AfD gew\u00e4hlt haben, zitiert Zimkeit die Analysen zur W\u00e4hlerwanderung. &#8222;Wir brauchen eine Sozial- und Arbeitsmarktpolitik, die die Gefahren des sozialen Abgleitens mindert. Da muss gehandelt werden, und es muss mehr in politische Bildung investiert werden.&#8220;<\/p>\n<p>Sonja Bongers weist darauf hin, dass das wirtschaftsliberale Wahlprogramm der AfD die soziale Situation deren eigener W\u00e4hlerklientel drastisch verschlechtern werde. &#8222;Ich gehe davon aus, dass die AfD in der t\u00e4glichen Landtagsarbeit keine Probleml\u00f6sungen anbieten wird. Erfahrungen zeigen, dass die Rechtspopulisten sich lieber mit sich selbst besch\u00e4ftigen und schnell mit Austritten oder gar Spaltungen konfrontiert sind.&#8220;<\/p>\n","protected":false},"excerpt":{"rendered":"<p>Der Landtag d\u00fcrfe keine B\u00fchne f\u00fcr Rechtspopulismus und Extremismus sein, sind sich die Landtagsabgeordneten Sonja Bongers und Stefan Zimkeit einig. &#8222;Die AfD wird im Landtag alle demokratischen Rechte erhalten&#8220;, sagte&hellip; <\/p>\n","protected":false},"author":1,"featured_media":0,"comment_status":"closed","ping_status":"closed","sticky":false,"template":"","format":"standard","meta":{"footnotes":""},"categories":[404,216],"tags":[549,219,726,1239,1281,1280],"quellen":[331],"class_list":["post-4334","post","type-post","status-publish","format-standard","hentry","category-gemeinsam-gegen-rechts","category-land","tag-arbeitsmarktpolitik","tag-landtag-nrw","tag-landtagswahl-2017","tag-rechtspopulismus","tag-rechtspopulisten","tag-sozialpolitik","quellen-mdl-stefan-zimkeit"],"_links":{"self":[{"href":"https:\/\/meier-gerdingh.de\/wp-spd-ob\/wp-json\/wp\/v2\/posts\/4334","targetHints":{"allow":["GET"]}}],"collection":[{"href":"https:\/\/meier-gerdingh.de\/wp-spd-ob\/wp-json\/wp\/v2\/posts"}],"about":[{"href":"https:\/\/meier-gerdingh.de\/wp-spd-ob\/wp-json\/wp\/v2\/types\/post"}],"author":[{"embeddable":true,"href":"https:\/\/meier-gerdingh.de\/wp-spd-ob\/wp-json\/wp\/v2\/users\/1"}],"replies":[{"embeddable":true,"href":"https:\/\/meier-gerdingh.de\/wp-spd-ob\/wp-json\/wp\/v2\/comments?post=4334"}],"version-history":[{"count":0,"href":"https:\/\/meier-gerdingh.de\/wp-spd-ob\/wp-json\/wp\/v2\/posts\/4334\/revisions"}],"wp:attachment":[{"href":"https:\/\/meier-gerdingh.de\/wp-spd-ob\/wp-json\/wp\/v2\/media?parent=4334"}],"wp:term":[{"taxonomy":"category","embeddable":true,"href":"https:\/\/meier-gerdingh.de\/wp-spd-ob\/wp-json\/wp\/v2\/categories?post=4334"},{"taxonomy":"post_tag","embeddable":true,"href":"https:\/\/meier-gerdingh.de\/wp-spd-ob\/wp-json\/wp\/v2\/tags?post=4334"},{"taxonomy":"quellen","embeddable":true,"href":"https:\/\/meier-gerdingh.de\/wp-spd-ob\/wp-json\/wp\/v2\/quellen?post=4334"}],"curies":[{"name":"wp","href":"https:\/\/api.w.org\/{rel}","templated":true}]}}