{"id":4335,"date":"2017-05-23T16:34:34","date_gmt":"2017-05-23T14:34:34","guid":{"rendered":"http:\/\/meier-gerdingh.de\/wp-spd-ob\/?p=4335"},"modified":"2017-05-30T20:32:50","modified_gmt":"2017-05-30T18:32:50","slug":"oeffentliche-buergerversammlung-zum-parken-in-osterfeld","status":"publish","type":"post","link":"https:\/\/meier-gerdingh.de\/wp-spd-ob\/2017\/05\/23\/oeffentliche-buergerversammlung-zum-parken-in-osterfeld\/","title":{"rendered":"\u00d6ffentliche B\u00fcrgerversammlung zum Parken in Osterfeld"},"content":{"rendered":"<p>Parkschein oder Parkuhr? 1 Stunde oder 2 Stunden? Autofrei oder Freiparken? \u00dcber diese und andere M\u00f6glichkeiten m\u00f6chte der SPD-Ortsverein Osterfeld mit den B\u00fcrgerinnen und B\u00fcrgern ins Gespr\u00e4ch kommen.<\/p>\n<p>Die Osterfelder Sozialdemokraten laden deshalb alle Interessierten zu einer \u00f6ffentlichen Diskussionsveranstaltung \u00fcber die Parksituation in Osterfeld ein. Die Versammlung findet statt am Mittwoch, 30. Mai 2017, ab 19.00 Uhr, im Bistro &#8222;Jedermann&#8220; auf dem Marktplatz in Osterfeld.<\/p>\n<h3 class=\"spd-ob-crossheading\">Veranstaltung &#8222;Parken in Osterfeld&#8220;<\/h3>\n<p><strong>MI&nbsp;&nbsp;|&nbsp;&nbsp;30. Mai 2017&nbsp;&nbsp;|&nbsp;&nbsp;ab 19.00 Uhr<br \/>\nBistro &#8222;Jedermann&#8220;&nbsp;&nbsp;|&nbsp;&nbsp;Marktplatz Osterfeld<\/strong><\/p>\n","protected":false},"excerpt":{"rendered":"<p>Parkschein oder Parkuhr? 1 Stunde oder 2 Stunden? Autofrei oder Freiparken? \u00dcber diese und andere M\u00f6glichkeiten m\u00f6chte der SPD-Ortsverein Osterfeld mit den B\u00fcrgerinnen und B\u00fcrgern ins Gespr\u00e4ch kommen. Die Osterfelder&hellip; <\/p>\n","protected":false},"author":1,"featured_media":0,"comment_status":"closed","ping_status":"closed","sticky":false,"template":"","format":"standard","meta":{"footnotes":""},"categories":[27,171],"tags":[422,41,92,1282],"quellen":[339],"class_list":["post-4335","post","type-post","status-publish","format-standard","hentry","category-planen-bauen-wohnen-verkehr","category-veranstaltungen","tag-buergerversammlung","tag-osterfeld","tag-parken","tag-parksituation-osterfeld","quellen-ov-osterfeld"],"_links":{"self":[{"href":"https:\/\/meier-gerdingh.de\/wp-spd-ob\/wp-json\/wp\/v2\/posts\/4335","targetHints":{"allow":["GET"]}}],"collection":[{"href":"https:\/\/meier-gerdingh.de\/wp-spd-ob\/wp-json\/wp\/v2\/posts"}],"about":[{"href":"https:\/\/meier-gerdingh.de\/wp-spd-ob\/wp-json\/wp\/v2\/types\/post"}],"author":[{"embeddable":true,"href":"https:\/\/meier-gerdingh.de\/wp-spd-ob\/wp-json\/wp\/v2\/users\/1"}],"replies":[{"embeddable":true,"href":"https:\/\/meier-gerdingh.de\/wp-spd-ob\/wp-json\/wp\/v2\/comments?post=4335"}],"version-history":[{"count":0,"href":"https:\/\/meier-gerdingh.de\/wp-spd-ob\/wp-json\/wp\/v2\/posts\/4335\/revisions"}],"wp:attachment":[{"href":"https:\/\/meier-gerdingh.de\/wp-spd-ob\/wp-json\/wp\/v2\/media?parent=4335"}],"wp:term":[{"taxonomy":"category","embeddable":true,"href":"https:\/\/meier-gerdingh.de\/wp-spd-ob\/wp-json\/wp\/v2\/categories?post=4335"},{"taxonomy":"post_tag","embeddable":true,"href":"https:\/\/meier-gerdingh.de\/wp-spd-ob\/wp-json\/wp\/v2\/tags?post=4335"},{"taxonomy":"quellen","embeddable":true,"href":"https:\/\/meier-gerdingh.de\/wp-spd-ob\/wp-json\/wp\/v2\/quellen?post=4335"}],"curies":[{"name":"wp","href":"https:\/\/api.w.org\/{rel}","templated":true}]}}