{"id":4336,"date":"2017-05-26T16:36:59","date_gmt":"2017-05-26T14:36:59","guid":{"rendered":"http:\/\/meier-gerdingh.de\/wp-spd-ob\/?p=4336"},"modified":"2017-05-30T16:39:49","modified_gmt":"2017-05-30T14:39:49","slug":"jugendparlamentarier-aus-oberhausen-und-dinslaken-erkunden-das-politische-berlin","status":"publish","type":"post","link":"https:\/\/meier-gerdingh.de\/wp-spd-ob\/2017\/05\/26\/jugendparlamentarier-aus-oberhausen-und-dinslaken-erkunden-das-politische-berlin\/","title":{"rendered":"Jugendparlamentarier aus Oberhausen und Dinslaken erkunden das politische Berlin"},"content":{"rendered":"<p><a href=\"http:\/\/meier-gerdingh.de\/wp-spd-ob\/wp-content\/uploads\/2017\/05\/besuchergruppe_17_05_jupas_1400.jpg\"><img decoding=\"async\" src=\"http:\/\/meier-gerdingh.de\/wp-spd-ob\/wp-content\/uploads\/2017\/05\/besuchergruppe_17_05_jupas.jpg\" alt=\"\" width=\"720\" height=\"358\" class=\"aligncenter size-full wp-image-4330\" srcset=\"https:\/\/meier-gerdingh.de\/wp-spd-ob\/wp-content\/uploads\/2017\/05\/besuchergruppe_17_05_jupas.jpg 720w, https:\/\/meier-gerdingh.de\/wp-spd-ob\/wp-content\/uploads\/2017\/05\/besuchergruppe_17_05_jupas-300x149.jpg 300w\" sizes=\"(max-width: 720px) 100vw, 720px\" \/><\/a>Auf Einladung des SPD-Bundestagsabgeordneten Dirk V\u00f6pel besuchten in dieser Woche rund 50 Jugendliche, darunter etliche Mitglieder der Jugendparlamente aus Oberhausen und Dinslaken, die Bundeshauptstadt. Das viert\u00e4gige Besuchsprogramm war wie immer dicht gedr\u00e4ngt, aber abwechslungsreich und wie ma\u00dfgeschneidert auf die Informationsbed\u00fcrfnisse des parlamentarischen Nachwuchses.<!--more--><\/p>\n<p>Wichtigste Stationen der klassischen Stadtrundfahrt durch das politische Berlin waren unter anderem Gespr\u00e4chstermine im Bundesinnenministerium, in der Landesvertretung Nordrhein-Westfalen und im Willy-Brandt-Haus sowie F\u00fchrungen durch die Gedenkst\u00e4tte Deutscher Widerstand und das Alliierten-Museum.<\/p>\n<p>Nat\u00fcrlich besichtigten die Jugendlichen auch den Reichstag und lie\u00dfen sich auf der Besuchertrib\u00fcne des Plenarsaals ausf\u00fchrlich \u00fcber die parlamentarische Arbeit im Deutschen Bundestag informieren. Bevor es zum obligatorischen Gruppenfoto vor der ber\u00fchmten Glaskuppel ging, nahm sich MdB Dirk V\u00f6pel viel Zeit, um mit den Jugendlichen \u00fcber aktuelle politische Themen zu diskutieren. <\/p>\n<p>Dabei stellte der Bundestagsabgeordnete f\u00fcr Oberhausen und Dinslaken schnell fest, dass er es mit einer \u00e4u\u00dferst engagierten und politisch hellwachen Gruppe zu tun hatte. Die kritischen Fragen und Anmerkungen der jungen Leute reichten von der Fl\u00fcchtlings- und Asylpolitik \u00fcber die Auslandseins\u00e4tze der Bundeswehr bis zu den gegenw\u00e4rtigen Krisenherden unserer Welt. <\/p>\n<p>Dirk V\u00f6pel bot abschlie\u00dfend an, den begonnenen Dialog in geeigneter Form im heimischen Wahlkreis fortzusetzen.<\/p>\n","protected":false},"excerpt":{"rendered":"<p>Auf Einladung des SPD-Bundestagsabgeordneten Dirk V\u00f6pel besuchten in dieser Woche rund 50 Jugendliche, darunter etliche Mitglieder der Jugendparlamente aus Oberhausen und Dinslaken, die Bundeshauptstadt. Das viert\u00e4gige Besuchsprogramm war wie immer&hellip; <\/p>\n","protected":false},"author":1,"featured_media":0,"comment_status":"closed","ping_status":"closed","sticky":false,"template":"","format":"standard","meta":{"footnotes":""},"categories":[179],"tags":[540,527,1284,1283],"quellen":[330],"class_list":["post-4336","post","type-post","status-publish","format-standard","hentry","category-kinder-und-jugendliche","tag-besuchergruppen-bundestag","tag-jugendparlament","tag-jugendparlament-dinslaken","tag-jugendparlament-oberhausen","quellen-mdb-dirk-voepel"],"_links":{"self":[{"href":"https:\/\/meier-gerdingh.de\/wp-spd-ob\/wp-json\/wp\/v2\/posts\/4336","targetHints":{"allow":["GET"]}}],"collection":[{"href":"https:\/\/meier-gerdingh.de\/wp-spd-ob\/wp-json\/wp\/v2\/posts"}],"about":[{"href":"https:\/\/meier-gerdingh.de\/wp-spd-ob\/wp-json\/wp\/v2\/types\/post"}],"author":[{"embeddable":true,"href":"https:\/\/meier-gerdingh.de\/wp-spd-ob\/wp-json\/wp\/v2\/users\/1"}],"replies":[{"embeddable":true,"href":"https:\/\/meier-gerdingh.de\/wp-spd-ob\/wp-json\/wp\/v2\/comments?post=4336"}],"version-history":[{"count":0,"href":"https:\/\/meier-gerdingh.de\/wp-spd-ob\/wp-json\/wp\/v2\/posts\/4336\/revisions"}],"wp:attachment":[{"href":"https:\/\/meier-gerdingh.de\/wp-spd-ob\/wp-json\/wp\/v2\/media?parent=4336"}],"wp:term":[{"taxonomy":"category","embeddable":true,"href":"https:\/\/meier-gerdingh.de\/wp-spd-ob\/wp-json\/wp\/v2\/categories?post=4336"},{"taxonomy":"post_tag","embeddable":true,"href":"https:\/\/meier-gerdingh.de\/wp-spd-ob\/wp-json\/wp\/v2\/tags?post=4336"},{"taxonomy":"quellen","embeddable":true,"href":"https:\/\/meier-gerdingh.de\/wp-spd-ob\/wp-json\/wp\/v2\/quellen?post=4336"}],"curies":[{"name":"wp","href":"https:\/\/api.w.org\/{rel}","templated":true}]}}