{"id":4337,"date":"2017-05-29T16:39:55","date_gmt":"2017-05-29T14:39:55","guid":{"rendered":"http:\/\/meier-gerdingh.de\/wp-spd-ob\/?p=4337"},"modified":"2018-07-27T15:05:37","modified_gmt":"2018-07-27T13:05:37","slug":"spd-oberhausen-ost-wieder-beim-pfingstradrennen-aktiv","status":"publish","type":"post","link":"https:\/\/meier-gerdingh.de\/wp-spd-ob\/2017\/05\/29\/spd-oberhausen-ost-wieder-beim-pfingstradrennen-aktiv\/","title":{"rendered":"SPD Oberhausen-Ost wieder beim Pfingstradrennen aktiv"},"content":{"rendered":"<div id=\"attachment_4332\" style=\"width: 290px\" class=\"wp-caption alignleft\"><a href=\"http:\/\/meier-gerdingh.de\/wp-spd-ob\/wp-content\/uploads\/2017\/05\/ov_ost_pfingstradrennen_2017_1000.jpg\"><img aria-describedby=\"caption-attachment-4332\" decoding=\"async\" class=\"size-full wp-image-4332\" src=\"http:\/\/meier-gerdingh.de\/wp-spd-ob\/wp-content\/uploads\/2017\/05\/ov_ost_pfingstradrennen_2017.jpg\" alt=\"\" width=\"280\" height=\"188\" \/><\/a><p id=\"caption-attachment-4332\" class=\"wp-caption-text\">Jennifer Nink, Marcel Tersteegen und Anika Derrix (von links)<\/p><\/div>\n<p>Anl\u00e4sslich des Pfingstradrennens des Radsportvereins Blau-Gelb am 4. Juni wird der SPD-Ortsverein Oberhausen-Ost am <strong>Pfingstsonntag, den 4. Juni, ab 9 Uhr<\/strong>, rund um den <strong>Wehrplatz an der Mellinghofer Stra\u00dfe<\/strong> pr\u00e4sent sein. Auf die Besucher warten dort dann traditionsgem\u00e4\u00df frische Waffeln und kalte Getr\u00e4nke.<!--more--><\/p>\n<p>Erstmals haben die Sozialdemokraten auch ein Programm f\u00fcr die kleinen Besucher des Radrennens organisiert: Jennifer Nink, Marcel Tersteegen und Anika Derrix l\u00e4uten mit ihren jungen G\u00e4sten den Sommer ein: Die Kinder k\u00f6nnen Blument\u00f6pfe bemalen und mit Blumensamen bepflanzen \u2013 nat\u00fcrlich kostenlos.<\/p>\n","protected":false},"excerpt":{"rendered":"<p>Anl\u00e4sslich des Pfingstradrennens des Radsportvereins Blau-Gelb am 4. Juni wird der SPD-Ortsverein Oberhausen-Ost am Pfingstsonntag, den 4. Juni, ab 9 Uhr, rund um den Wehrplatz an der Mellinghofer Stra\u00dfe pr\u00e4sent&hellip; <\/p>\n","protected":false},"author":1,"featured_media":0,"comment_status":"closed","ping_status":"closed","sticky":false,"template":"","format":"standard","meta":{"footnotes":""},"categories":[171],"tags":[716,1285],"quellen":[334],"class_list":["post-4337","post","type-post","status-publish","format-standard","hentry","category-veranstaltungen","tag-pfingstradrennen","tag-radsportverein-blau-gelb","quellen-ov-ost"],"_links":{"self":[{"href":"https:\/\/meier-gerdingh.de\/wp-spd-ob\/wp-json\/wp\/v2\/posts\/4337","targetHints":{"allow":["GET"]}}],"collection":[{"href":"https:\/\/meier-gerdingh.de\/wp-spd-ob\/wp-json\/wp\/v2\/posts"}],"about":[{"href":"https:\/\/meier-gerdingh.de\/wp-spd-ob\/wp-json\/wp\/v2\/types\/post"}],"author":[{"embeddable":true,"href":"https:\/\/meier-gerdingh.de\/wp-spd-ob\/wp-json\/wp\/v2\/users\/1"}],"replies":[{"embeddable":true,"href":"https:\/\/meier-gerdingh.de\/wp-spd-ob\/wp-json\/wp\/v2\/comments?post=4337"}],"version-history":[{"count":0,"href":"https:\/\/meier-gerdingh.de\/wp-spd-ob\/wp-json\/wp\/v2\/posts\/4337\/revisions"}],"wp:attachment":[{"href":"https:\/\/meier-gerdingh.de\/wp-spd-ob\/wp-json\/wp\/v2\/media?parent=4337"}],"wp:term":[{"taxonomy":"category","embeddable":true,"href":"https:\/\/meier-gerdingh.de\/wp-spd-ob\/wp-json\/wp\/v2\/categories?post=4337"},{"taxonomy":"post_tag","embeddable":true,"href":"https:\/\/meier-gerdingh.de\/wp-spd-ob\/wp-json\/wp\/v2\/tags?post=4337"},{"taxonomy":"quellen","embeddable":true,"href":"https:\/\/meier-gerdingh.de\/wp-spd-ob\/wp-json\/wp\/v2\/quellen?post=4337"}],"curies":[{"name":"wp","href":"https:\/\/api.w.org\/{rel}","templated":true}]}}