{"id":435,"date":"2005-05-17T16:00:00","date_gmt":"2005-05-17T14:00:00","guid":{"rendered":"http:\/\/www.meier-gerdingh.de\/spd-oberhausen\/wp\/?p=435"},"modified":"2017-05-14T12:43:55","modified_gmt":"2017-05-14T10:43:55","slug":"bestmoegliche-betreuung-aelterer-und-pflegebeduerftiger-menschen-sicherstellen","status":"publish","type":"post","link":"https:\/\/meier-gerdingh.de\/wp-spd-ob\/2005\/05\/17\/bestmoegliche-betreuung-aelterer-und-pflegebeduerftiger-menschen-sicherstellen\/","title":{"rendered":"Bestm\u00f6gliche Betreuung \u00e4lterer und pflegebed\u00fcrftiger Menschen sicherstellen"},"content":{"rendered":"<div style=\"width: 210px\" class=\"wp-caption alignleft\"><a href=\"http:\/\/meier-gerdingh.de\/wp-spd-ob\/wp-content\/uploads\/grosse_anfrage_senioren.jpg\"><img decoding=\"async\" src=\"http:\/\/meier-gerdingh.de\/wp-spd-ob\/wp-content\/uploads\/grosse_anfrage_senioren.jpg\" alt=\"&quot;Von\" width=\"200\" height=\"143\" \/><\/a><p class=\"wp-caption-text\">Wolfgang Gro\u00dfe Br\u00f6mer (SPD-Fraktionsvorsitzender und MdL), Bernd Reinemann (Vorsitzender des Seniorenbeirates), Frank Motschull (Sozialpolitischer Sprecher der SPD-Ratsfraktion), Kirsten Oberste-Kleinbeck (Vorsitzende des Sozialausschusses).&#8220; class=&#8220;size-full&#8220; \/&gt; Von links:<br \/>Wolfgang Gro\u00dfe Br\u00f6mer (SPD-Fraktionsvorsitzender und MdL), Bernd Reinemann (Vorsitzender des Seniorenbeirates), Frank Motschull (Sozialpolitischer Sprecher der SPD-Ratsfraktion), Kirsten Oberste-Kleinbeck (Vorsitzende des Sozialausschusses).<\/p><\/div>\n<p>Die SPD-Fraktion hat heute wichtige Eckpunkte einer Gro\u00dfen Anfrage zur Zukunft der Altenhilfe und Altenbetreuung in Oberhausen vorgestellt. Ziel der SPD sei, so Fraktionschef Wolfgang Gro\u00dfe Br\u00f6mer, eine bestm\u00f6gliche Betreuung \u00e4lterer und pflegebed\u00fcrftiger Menschen in unserer Stadt auch in Zukunft sicherzustellen. Mit der Gro\u00dfen Anfrage, die von der Verwaltung in der Juni-Ratssitzung beantwortet werden soll, will die SPD-Fraktion ihr weiteres kommunalpolitisches Handeln in der Seniorenpolitik auf eine fundierte Datengrundlage stellen.<!--more--><\/p>\n<p>Bernd Reinemann als Vorsitzender des Oberhausener Seniorenbeirates verwies auf die beiden demographischen &#8222;Mega&#8220;-Trends, mit denen sich gerade auch die Gemeinden konfrontiert s\u00e4hen: Einerseits werde die Bev\u00f6lkerung in Deutschland in den n\u00e4chsten 20 Jahren trotz Zuwanderung weiter schrumpfen. Andererseits nehme der Anteil der Menschen, die 65 Jahre oder \u00e4lter seien, st\u00e4ndig zu. Damit aber steige zwangsl\u00e4ufig die Anzahl der Personen, die besonderer Pflege und F\u00fcrsorge bed\u00fcrften. Die Gro\u00dfe Anfrage solle unter anderem Aufschluss \u00fcber die konkret zu erwartende Entwicklung in Oberhausen geben.<\/p>\n<p>&#8222;Wegen der langen Wirkungszeiten&#8220;, so die Vorsitzende des Sozialausschusses Kirsten Oberste-Kleinbeck abschlie\u00dfend, &#8222;m\u00fcssen die notwendigen Strukturentscheidungen bereits heute getroffen werden. Oberhausen ist eine Stadt f\u00fcr alle Generationen. Das soll auch so bleiben.&#8220;<\/p>\n","protected":false},"excerpt":{"rendered":"<p>Die SPD-Fraktion hat heute wichtige Eckpunkte einer Gro\u00dfen Anfrage zur Zukunft der Altenhilfe und Altenbetreuung in Oberhausen vorgestellt. Ziel der SPD sei, so Fraktionschef Wolfgang Gro\u00dfe Br\u00f6mer, eine bestm\u00f6gliche Betreuung&hellip; <\/p>\n","protected":false},"author":1,"featured_media":0,"comment_status":"closed","ping_status":"closed","sticky":false,"template":"","format":"standard","meta":{"footnotes":""},"categories":[1],"tags":[],"quellen":[],"class_list":["post-435","post","type-post","status-publish","format-standard","hentry","category-allgemein"],"_links":{"self":[{"href":"https:\/\/meier-gerdingh.de\/wp-spd-ob\/wp-json\/wp\/v2\/posts\/435","targetHints":{"allow":["GET"]}}],"collection":[{"href":"https:\/\/meier-gerdingh.de\/wp-spd-ob\/wp-json\/wp\/v2\/posts"}],"about":[{"href":"https:\/\/meier-gerdingh.de\/wp-spd-ob\/wp-json\/wp\/v2\/types\/post"}],"author":[{"embeddable":true,"href":"https:\/\/meier-gerdingh.de\/wp-spd-ob\/wp-json\/wp\/v2\/users\/1"}],"replies":[{"embeddable":true,"href":"https:\/\/meier-gerdingh.de\/wp-spd-ob\/wp-json\/wp\/v2\/comments?post=435"}],"version-history":[{"count":0,"href":"https:\/\/meier-gerdingh.de\/wp-spd-ob\/wp-json\/wp\/v2\/posts\/435\/revisions"}],"wp:attachment":[{"href":"https:\/\/meier-gerdingh.de\/wp-spd-ob\/wp-json\/wp\/v2\/media?parent=435"}],"wp:term":[{"taxonomy":"category","embeddable":true,"href":"https:\/\/meier-gerdingh.de\/wp-spd-ob\/wp-json\/wp\/v2\/categories?post=435"},{"taxonomy":"post_tag","embeddable":true,"href":"https:\/\/meier-gerdingh.de\/wp-spd-ob\/wp-json\/wp\/v2\/tags?post=435"},{"taxonomy":"quellen","embeddable":true,"href":"https:\/\/meier-gerdingh.de\/wp-spd-ob\/wp-json\/wp\/v2\/quellen?post=435"}],"curies":[{"name":"wp","href":"https:\/\/api.w.org\/{rel}","templated":true}]}}