{"id":4363,"date":"2017-06-16T16:01:33","date_gmt":"2017-06-16T14:01:33","guid":{"rendered":"http:\/\/meier-gerdingh.de\/wp-spd-ob\/?p=4363"},"modified":"2017-06-19T16:04:02","modified_gmt":"2017-06-19T14:04:02","slug":"spd-fordert-mehr-engagement-in-sachen-brueckensanierung","status":"publish","type":"post","link":"https:\/\/meier-gerdingh.de\/wp-spd-ob\/2017\/06\/16\/spd-fordert-mehr-engagement-in-sachen-brueckensanierung\/","title":{"rendered":"SPD fordert mehr Engagement in Sachen Br\u00fcckensanierung"},"content":{"rendered":"<p>Die SPD-Ratsfraktion ist mit den Antworten auf eine Anfrage ihres Mitglieds B\u00fclent Sahin bez\u00fcglich der Kanalbr\u00fccke Ulmenstra\u00dfe nicht zufrieden. Der Liricher Stadtverordnete hatte bei der Verwaltung nachgefragt, wie sie den Umstand, dass die marode Br\u00fccke erst im Jahre 2022 saniert werden soll, bewertet und sich nach M\u00f6glichkeiten erkundigt, die Situation dort f\u00fcr Fu\u00dfg\u00e4nger und Kraftfahrer zumindest ertr\u00e4glicher zu gestalten.<!--more--><\/p>\n<p>Dies betrachtet man aufseiten der Stadtverwaltung zumindest skeptisch. Die Beibehaltung des jetzigen Zustands bis zum Baubeginn sei aus &#8222;optischen Gr\u00fcnden&#8220; zwar &#8222;unbefriedigend&#8220;; die sichere F\u00fchrung des Fu\u00dfg\u00e4nger- und des Kfz-Verkehrs sei jedoch gew\u00e4hrleistet.<br \/>\nEine Verbesserungsm\u00f6glichkeit sei die Wiederherstellung des Gehweges, etwa mit Stahlbetonfertigteilen, allerdings nur dann, wenn die vorhandenen Stahltr\u00e4ger der Br\u00fccke noch hinreichend tragf\u00e4hig seien.<\/p>\n<p>Noch unerfreulicher f\u00e4llt die Antwort der Verwaltung auf die Frage der SPD nach einer Prognose aus, wie sich die geplante Komplettsperrung der Br\u00fccke f\u00fcr anderthalb Jahre auswirken k\u00f6nnte. Da der Umleitungsverkehr haupts\u00e4chlich \u00fcber die Buschhausener Stra\u00dfe gef\u00fchrt werde, so die Einsch\u00e4tzung der Verwaltung, werde es in den Hauptverkehrszeiten zu R\u00fcckstaubildungen an den Knotenpunkten Buschhausener Stra\u00dfe \/ Lindnerstra\u00dfe, Buschhausener Stra\u00dfe \/ Katharinenstra\u00dfe\/Im Eisenhammer und im Folgenden am Knotenpunkt Buschhausener Stra\u00dfe\/Duisburger Stra\u00dfe kommen \u2013 wenn sich die aktuellen Verkehrsbelastungen bis dahin nicht gro\u00df ver\u00e4ndern.<\/p>\n<p>Eine rechtliche Verpflichtung des Wasser- und Schifffahrtsamtes zu Ersatzma\u00dfnahmen wie dem Bau einer Behelfsbr\u00fccke bestehe nicht, teilt die Verwaltung mit.<\/p>\n<p>Die SPD gibt sich mit den Antworten des Wasser- und Schifffahrtsamtes nicht zufrieden und will sich auch weiterhin f\u00fcr eine Verbesserung der Situation einsetzen. M\u00f6glich ist, dass sich der Planungsausschuss gleich nach der Sommerpause erneut mit der Situation an der Ulmenstra\u00dfe befassen wird. <\/p>\n<p>Auch der SPD-Bundestagsabgeordnete Dirk V\u00f6pel ist an dem Thema dran.<\/p>\n","protected":false},"excerpt":{"rendered":"<p>Die SPD-Ratsfraktion ist mit den Antworten auf eine Anfrage ihres Mitglieds B\u00fclent Sahin bez\u00fcglich der Kanalbr\u00fccke Ulmenstra\u00dfe nicht zufrieden. Der Liricher Stadtverordnete hatte bei der Verwaltung nachgefragt, wie sie den&hellip; <\/p>\n","protected":false},"author":1,"featured_media":0,"comment_status":"closed","ping_status":"closed","sticky":false,"template":"","format":"standard","meta":{"footnotes":""},"categories":[27],"tags":[1301,1299,183,1302,1303,1300],"quellen":[326],"class_list":["post-4363","post","type-post","status-publish","format-standard","hentry","category-planen-bauen-wohnen-verkehr","tag-brueckensanierungen","tag-kanalbruecke-ulmenstrasse","tag-lirich","tag-rhein-herne-kanal","tag-ulmenstrasse","tag-wasser-und-schifffahrtsamt","quellen-spd-fraktion-oberhausen"],"_links":{"self":[{"href":"https:\/\/meier-gerdingh.de\/wp-spd-ob\/wp-json\/wp\/v2\/posts\/4363","targetHints":{"allow":["GET"]}}],"collection":[{"href":"https:\/\/meier-gerdingh.de\/wp-spd-ob\/wp-json\/wp\/v2\/posts"}],"about":[{"href":"https:\/\/meier-gerdingh.de\/wp-spd-ob\/wp-json\/wp\/v2\/types\/post"}],"author":[{"embeddable":true,"href":"https:\/\/meier-gerdingh.de\/wp-spd-ob\/wp-json\/wp\/v2\/users\/1"}],"replies":[{"embeddable":true,"href":"https:\/\/meier-gerdingh.de\/wp-spd-ob\/wp-json\/wp\/v2\/comments?post=4363"}],"version-history":[{"count":0,"href":"https:\/\/meier-gerdingh.de\/wp-spd-ob\/wp-json\/wp\/v2\/posts\/4363\/revisions"}],"wp:attachment":[{"href":"https:\/\/meier-gerdingh.de\/wp-spd-ob\/wp-json\/wp\/v2\/media?parent=4363"}],"wp:term":[{"taxonomy":"category","embeddable":true,"href":"https:\/\/meier-gerdingh.de\/wp-spd-ob\/wp-json\/wp\/v2\/categories?post=4363"},{"taxonomy":"post_tag","embeddable":true,"href":"https:\/\/meier-gerdingh.de\/wp-spd-ob\/wp-json\/wp\/v2\/tags?post=4363"},{"taxonomy":"quellen","embeddable":true,"href":"https:\/\/meier-gerdingh.de\/wp-spd-ob\/wp-json\/wp\/v2\/quellen?post=4363"}],"curies":[{"name":"wp","href":"https:\/\/api.w.org\/{rel}","templated":true}]}}