{"id":437,"date":"2005-05-21T16:00:00","date_gmt":"2005-05-21T14:00:00","guid":{"rendered":"http:\/\/www.meier-gerdingh.de\/spd-oberhausen\/wp\/?p=437"},"modified":"2017-05-14T12:43:28","modified_gmt":"2017-05-14T10:43:28","slug":"fahrdienst-zur-landtagswahl-am-22-mai","status":"publish","type":"post","link":"https:\/\/meier-gerdingh.de\/wp-spd-ob\/2005\/05\/21\/fahrdienst-zur-landtagswahl-am-22-mai\/","title":{"rendered":"Fahrdienst zur Landtagswahl am 22. Mai"},"content":{"rendered":"<p><a href=\"http:\/\/meier-gerdingh.de\/wp-spd-ob\/wp-content\/uploads\/logo_spd_ob.gif\"><img decoding=\"async\" class=\"size-full alignleft\" src=\"http:\/\/meier-gerdingh.de\/wp-spd-ob\/wp-content\/uploads\/logo_spd_ob.gif\" alt=\"\" width=\"140\" height=\"150\" \/><\/a>F\u00fcr den Wahltag am Sonntag, 22. Mai bietet die SPD wieder ihren Fahrdienst f\u00fcr gehbehinderte Mitb\u00fcrgerinnen und Mitb\u00fcrger zum Wahllokal an. Anmeldungen k\u00f6nnen an die SPD-Gesch\u00e4ftsstelle, Schwartzstra\u00dfe 52, Telefon: 2 33 34, gerichtet werden.<!--more--><\/p>\n<p>Am Wahltag kann der SPD-Fahrdienst ab 8.00 Uhr ebenfalls unter der Telefonnummer 2 33 34 erreicht werden.<\/p>\n","protected":false},"excerpt":{"rendered":"<p>F\u00fcr den Wahltag am Sonntag, 22. Mai bietet die SPD wieder ihren Fahrdienst f\u00fcr gehbehinderte Mitb\u00fcrgerinnen und Mitb\u00fcrger zum Wahllokal an. Anmeldungen k\u00f6nnen an die SPD-Gesch\u00e4ftsstelle, Schwartzstra\u00dfe 52, Telefon: 2&hellip; <\/p>\n","protected":false},"author":1,"featured_media":0,"comment_status":"closed","ping_status":"closed","sticky":false,"template":"","format":"standard","meta":{"footnotes":""},"categories":[1],"tags":[],"quellen":[],"class_list":["post-437","post","type-post","status-publish","format-standard","hentry","category-allgemein"],"_links":{"self":[{"href":"https:\/\/meier-gerdingh.de\/wp-spd-ob\/wp-json\/wp\/v2\/posts\/437","targetHints":{"allow":["GET"]}}],"collection":[{"href":"https:\/\/meier-gerdingh.de\/wp-spd-ob\/wp-json\/wp\/v2\/posts"}],"about":[{"href":"https:\/\/meier-gerdingh.de\/wp-spd-ob\/wp-json\/wp\/v2\/types\/post"}],"author":[{"embeddable":true,"href":"https:\/\/meier-gerdingh.de\/wp-spd-ob\/wp-json\/wp\/v2\/users\/1"}],"replies":[{"embeddable":true,"href":"https:\/\/meier-gerdingh.de\/wp-spd-ob\/wp-json\/wp\/v2\/comments?post=437"}],"version-history":[{"count":0,"href":"https:\/\/meier-gerdingh.de\/wp-spd-ob\/wp-json\/wp\/v2\/posts\/437\/revisions"}],"wp:attachment":[{"href":"https:\/\/meier-gerdingh.de\/wp-spd-ob\/wp-json\/wp\/v2\/media?parent=437"}],"wp:term":[{"taxonomy":"category","embeddable":true,"href":"https:\/\/meier-gerdingh.de\/wp-spd-ob\/wp-json\/wp\/v2\/categories?post=437"},{"taxonomy":"post_tag","embeddable":true,"href":"https:\/\/meier-gerdingh.de\/wp-spd-ob\/wp-json\/wp\/v2\/tags?post=437"},{"taxonomy":"quellen","embeddable":true,"href":"https:\/\/meier-gerdingh.de\/wp-spd-ob\/wp-json\/wp\/v2\/quellen?post=437"}],"curies":[{"name":"wp","href":"https:\/\/api.w.org\/{rel}","templated":true}]}}