{"id":438,"date":"2005-05-25T16:00:00","date_gmt":"2005-05-25T14:00:00","guid":{"rendered":"http:\/\/www.meier-gerdingh.de\/spd-oberhausen\/wp\/?p=438"},"modified":"2017-05-14T11:47:48","modified_gmt":"2017-05-14T09:47:48","slug":"spd-osterfeld-schlaegt-stefan-zimkeit-als-kandidaten-vor","status":"publish","type":"post","link":"https:\/\/meier-gerdingh.de\/wp-spd-ob\/2005\/05\/25\/spd-osterfeld-schlaegt-stefan-zimkeit-als-kandidaten-vor\/","title":{"rendered":"SPD Osterfeld schl\u00e4gt Stefan Zimkeit als Kandidaten vor"},"content":{"rendered":"<div style=\"width: 150px\" class=\"wp-caption alignleft\"><a href=\"http:\/\/meier-gerdingh.de\/wp-spd-ob\/wp-content\/uploads\/zimkeit_stefan.jpg\"><img decoding=\"async\" class=\"size-full\" src=\"http:\/\/meier-gerdingh.de\/wp-spd-ob\/wp-content\/uploads\/zimkeit_stefan.jpg\" alt=\"Stefan Zimkeit ist stellvertretender Vorsitzender und schulpolitischer Sprecher der SPD-Fraktion\" width=\"140\" height=\"191\" \/><\/a><p class=\"wp-caption-text\">Stefan Zimkeit ist stellvertretender Vorsitzender und schulpolitischer Sprecher der SPD-Fraktion<\/p><\/div>\n<p>Stefan Zimkeit, stellvertretender Vorsitzender der SPD-Ratsfraktion, wird von der Osterfelder SPD als Kandidat f\u00fcr den Bundestag vorgeschlagen. Der Vorstand des Ortsvereins votierte am Dienstag in geheimer Abstimmung einstimmig f\u00fcr Zimkeit, nachdem der Ortsvereinsvorsitzende Karl Heinz Pflugbeil einen entsprechenden Vorschlag unterbreitet hatte. Fraktionschef Wolfgang Gro\u00dfe Br\u00f6mer hatte diesen Personalvorschlag mit einer umfassenden Darstellung der ausgezeichneten kommunalpolitischen Arbeit, die Stefan Zimkeit in den letzten Jahren geleistet habe, untermauert.<!--more--><\/p>\n<p>Die abschlie\u00dfende Aufstellung eines SPD Kandidaten f\u00fcr die Wahl zum deutschen Bundestag wird auf einer gemeinsamen Delegiertenversammlung der Dinslakener und Oberhausener SPD voraussichtlich Anfang Juli erfolgen.<\/p>\n<p>Stefan Zimkeit bedankte sich nach der Abstimmung f\u00fcr das eindrucksvolle Votum. Aus seiner Sicht geht es f\u00fcr die SPD nun vor allem darum, das Thema soziale Gerechtigkeit wieder zum erkennbaren Markenzeichen der SPD zu machen. Er verstehe seine Kandidatur auch in diesem Sinne als Angebot an die Dinslakener und Oberhausener SPD.<\/p>\n<p>Aus Sicht des Ortsvereins hat Stefan Zimkeit mit seiner bisherigen politischen Arbeit gezeigt, dass er hervorragend f\u00fcr eine Kandidatur zum Bundestag geeignet ist. Der Ortsvereinsvorsitzende Karl Heinz Pflugbeil k\u00fcndigte an, dass die Osterfelder SPD in den anderen Ortsvereinen engagiert f\u00fcr ihren Personalvorschlag werben werde.<\/p>\n","protected":false},"excerpt":{"rendered":"<p>Stefan Zimkeit, stellvertretender Vorsitzender der SPD-Ratsfraktion, wird von der Osterfelder SPD als Kandidat f\u00fcr den Bundestag vorgeschlagen. Der Vorstand des Ortsvereins votierte am Dienstag in geheimer Abstimmung einstimmig f\u00fcr Zimkeit,&hellip; <\/p>\n","protected":false},"author":1,"featured_media":0,"comment_status":"closed","ping_status":"closed","sticky":false,"template":"","format":"standard","meta":{"footnotes":""},"categories":[1],"tags":[],"quellen":[],"class_list":["post-438","post","type-post","status-publish","format-standard","hentry","category-allgemein"],"_links":{"self":[{"href":"https:\/\/meier-gerdingh.de\/wp-spd-ob\/wp-json\/wp\/v2\/posts\/438","targetHints":{"allow":["GET"]}}],"collection":[{"href":"https:\/\/meier-gerdingh.de\/wp-spd-ob\/wp-json\/wp\/v2\/posts"}],"about":[{"href":"https:\/\/meier-gerdingh.de\/wp-spd-ob\/wp-json\/wp\/v2\/types\/post"}],"author":[{"embeddable":true,"href":"https:\/\/meier-gerdingh.de\/wp-spd-ob\/wp-json\/wp\/v2\/users\/1"}],"replies":[{"embeddable":true,"href":"https:\/\/meier-gerdingh.de\/wp-spd-ob\/wp-json\/wp\/v2\/comments?post=438"}],"version-history":[{"count":0,"href":"https:\/\/meier-gerdingh.de\/wp-spd-ob\/wp-json\/wp\/v2\/posts\/438\/revisions"}],"wp:attachment":[{"href":"https:\/\/meier-gerdingh.de\/wp-spd-ob\/wp-json\/wp\/v2\/media?parent=438"}],"wp:term":[{"taxonomy":"category","embeddable":true,"href":"https:\/\/meier-gerdingh.de\/wp-spd-ob\/wp-json\/wp\/v2\/categories?post=438"},{"taxonomy":"post_tag","embeddable":true,"href":"https:\/\/meier-gerdingh.de\/wp-spd-ob\/wp-json\/wp\/v2\/tags?post=438"},{"taxonomy":"quellen","embeddable":true,"href":"https:\/\/meier-gerdingh.de\/wp-spd-ob\/wp-json\/wp\/v2\/quellen?post=438"}],"curies":[{"name":"wp","href":"https:\/\/api.w.org\/{rel}","templated":true}]}}