{"id":4390,"date":"2017-06-29T17:20:34","date_gmt":"2017-06-29T15:20:34","guid":{"rendered":"http:\/\/meier-gerdingh.de\/wp-spd-ob\/?p=4390"},"modified":"2017-06-30T08:21:53","modified_gmt":"2017-06-30T06:21:53","slug":"kein-verzicht-auf-qualitaet-in-der-betreuung","status":"publish","type":"post","link":"https:\/\/meier-gerdingh.de\/wp-spd-ob\/2017\/06\/29\/kein-verzicht-auf-qualitaet-in-der-betreuung\/","title":{"rendered":"Kein Verzicht auf Qualit\u00e4t in der Betreuung"},"content":{"rendered":"<p>Einstimmig haben die Mitglieder des Jugendhilfeausschusses am Mittwoch eine Vorlage der Verwaltung abgelehnt, die eine Senkung der Entgelte f\u00fcr Kindertagespflegepersonen vorsieht. Diese Ma\u00dfnahme ist im Rahmen des Haushaltssanierungsplanes als &#8222;Ausgabensenkung durch angemessene Entgelte f\u00fcr Tagespflegepersonen&#8220; definiert. F\u00fcr den jugendpolitischen Sprecher der SPD-Ratsfraktion, Ulrich Real, ist dies jedoch der falsche Weg: &#8222;Wir fordern immer mehr Fachlichkeit und Angebotsattraktivit\u00e4t in der Betreuung von Kindern, geben daf\u00fcr aber immer weniger Geld \u2013 das passt nicht zusammen.&#8220; Zun\u00e4chst einmal gehe es nun darum, den Dialog mit den Kindertagespflegepersonen zu suchen, so Real: &#8222;Nur gemeinsam k\u00f6nnen wir hier L\u00f6sungsans\u00e4tze finden.&#8220;<!--more--><\/p>\n<p>Bei der Kindertagespflege handelt es sich um ein flexibles Betreuungsangebot, das f\u00fcr die oft individuellen Betreuungsbed\u00fcrfnisse von Eltern sehr junger Kinder geeignet ist.<\/p>\n","protected":false},"excerpt":{"rendered":"<p>Einstimmig haben die Mitglieder des Jugendhilfeausschusses am Mittwoch eine Vorlage der Verwaltung abgelehnt, die eine Senkung der Entgelte f\u00fcr Kindertagespflegepersonen vorsieht. Diese Ma\u00dfnahme ist im Rahmen des Haushaltssanierungsplanes als &#8222;Ausgabensenkung&hellip; <\/p>\n","protected":false},"author":1,"featured_media":0,"comment_status":"closed","ping_status":"closed","sticky":false,"template":"","format":"standard","meta":{"footnotes":""},"categories":[179],"tags":[240,1310,168,1311],"quellen":[326],"class_list":["post-4390","post","type-post","status-publish","format-standard","hentry","category-kinder-und-jugendliche","tag-haushaltssanierungsplan","tag-jugendhilfeausschuss","tag-kinderbetreuung","tag-kindertagespflege","quellen-spd-fraktion-oberhausen"],"_links":{"self":[{"href":"https:\/\/meier-gerdingh.de\/wp-spd-ob\/wp-json\/wp\/v2\/posts\/4390","targetHints":{"allow":["GET"]}}],"collection":[{"href":"https:\/\/meier-gerdingh.de\/wp-spd-ob\/wp-json\/wp\/v2\/posts"}],"about":[{"href":"https:\/\/meier-gerdingh.de\/wp-spd-ob\/wp-json\/wp\/v2\/types\/post"}],"author":[{"embeddable":true,"href":"https:\/\/meier-gerdingh.de\/wp-spd-ob\/wp-json\/wp\/v2\/users\/1"}],"replies":[{"embeddable":true,"href":"https:\/\/meier-gerdingh.de\/wp-spd-ob\/wp-json\/wp\/v2\/comments?post=4390"}],"version-history":[{"count":0,"href":"https:\/\/meier-gerdingh.de\/wp-spd-ob\/wp-json\/wp\/v2\/posts\/4390\/revisions"}],"wp:attachment":[{"href":"https:\/\/meier-gerdingh.de\/wp-spd-ob\/wp-json\/wp\/v2\/media?parent=4390"}],"wp:term":[{"taxonomy":"category","embeddable":true,"href":"https:\/\/meier-gerdingh.de\/wp-spd-ob\/wp-json\/wp\/v2\/categories?post=4390"},{"taxonomy":"post_tag","embeddable":true,"href":"https:\/\/meier-gerdingh.de\/wp-spd-ob\/wp-json\/wp\/v2\/tags?post=4390"},{"taxonomy":"quellen","embeddable":true,"href":"https:\/\/meier-gerdingh.de\/wp-spd-ob\/wp-json\/wp\/v2\/quellen?post=4390"}],"curies":[{"name":"wp","href":"https:\/\/api.w.org\/{rel}","templated":true}]}}