{"id":44,"date":"2002-06-05T16:00:00","date_gmt":"2002-06-05T14:00:00","guid":{"rendered":"http:\/\/www.meier-gerdingh.de\/spd-oberhausen\/wp\/?p=44"},"modified":"2017-05-12T09:23:34","modified_gmt":"2017-05-12T07:23:34","slug":"stoag-braucht-tariftreuegesetz","status":"publish","type":"post","link":"https:\/\/meier-gerdingh.de\/wp-spd-ob\/2002\/06\/05\/stoag-braucht-tariftreuegesetz\/","title":{"rendered":"STOAG braucht Tariftreuegesetz"},"content":{"rendered":"<div style=\"width: 170px\" class=\"wp-caption alignleft\"><a href=\"http:\/\/meier-gerdingh.de\/wp-spd-ob\/wp-content\/uploads\/strassenbahn.jpg\"><img decoding=\"async\" class=\"size-full\" src=\"http:\/\/meier-gerdingh.de\/wp-spd-ob\/wp-content\/uploads\/strassenbahn.jpg\" alt=\"Stra\u00dfenbahn\" width=\"160\" height=\"140\" \/><\/a><p class=\"wp-caption-text\">Stra\u00dfenbahn<\/p><\/div>\n<p>&#8222;Die Einf\u00fchrung des Tariftreuegesetzes ist f\u00fcr die Stadtwerke Oberhausen (STOAG) von gr\u00f6\u00dfter Bedeutung&#8220;, dies erkl\u00e4rte der stellvertretende Fraktionsvorsitzende Stefan Zimkeit nach einer Sitzung des Arbeitskreis STOAG der SPD-Fraktion.<!--more--><\/p>\n<p>Er appellierte an die Oberhausener CDU, sich in ihrer Partei und gegen\u00fcber der CSU daf\u00fcr einzusetzen, die Blockade dieses vom Bundestag beschlossenen Gesetzes im Bundesrat aufzugeben.<\/p>\n<p>Durch diese Blockade werde die Umsetzung eines mit der Gewerkschaft Verdi vereinbarten Tarifvertrages f\u00fcr den Nahverkehr verhindert. Dies f\u00fchrt zu einer erheblichen Belastung der STOAG und damit auch der Stadt Oberhausen. Sollte das Gesetz nicht bald in Kraft treten, so Zimkeit weiter, seien Einschr\u00e4nkungen des Bus- und Bahnangebotes in Oberhausen nicht auszuschlie\u00dfen.<\/p>\n<p>Die SPD-Ratsfraktion unterst\u00fctzt die Forderungen der Gewerkschaft Verdi und des STOAG-Betriebsrates nach der Umsetzung des Gesetzes, das die Einhaltung von Tarifvertr\u00e4gen bei \u00f6ffentlichen Auftr\u00e4gen sichern soll.<\/p>\n<p>&#8222;Es ist vollkommen unverst\u00e4ndlich, dass es in Bayern ein solches Gesetz gibt, der bayerische Ministerpr\u00e4sident das Gesetz auf Bundesebene aber blockiert&#8220;, so der Oberhausener SPD-Landtagsabgeordnete Wolfgang Gro\u00dfe Br\u00f6mer. Nach seiner Ansicht wird hier Parteitaktik auf Kosten der Kunden und der Arbeitnehmer der Stadtwerke Oberhausen betrieben.<\/p>\n","protected":false},"excerpt":{"rendered":"<p>&#8222;Die Einf\u00fchrung des Tariftreuegesetzes ist f\u00fcr die Stadtwerke Oberhausen (STOAG) von gr\u00f6\u00dfter Bedeutung&#8220;, dies erkl\u00e4rte der stellvertretende Fraktionsvorsitzende Stefan Zimkeit nach einer Sitzung des Arbeitskreis STOAG der SPD-Fraktion.<\/p>\n","protected":false},"author":1,"featured_media":0,"comment_status":"closed","ping_status":"closed","sticky":false,"template":"","format":"standard","meta":{"footnotes":""},"categories":[1],"tags":[],"quellen":[],"class_list":["post-44","post","type-post","status-publish","format-standard","hentry","category-allgemein"],"_links":{"self":[{"href":"https:\/\/meier-gerdingh.de\/wp-spd-ob\/wp-json\/wp\/v2\/posts\/44","targetHints":{"allow":["GET"]}}],"collection":[{"href":"https:\/\/meier-gerdingh.de\/wp-spd-ob\/wp-json\/wp\/v2\/posts"}],"about":[{"href":"https:\/\/meier-gerdingh.de\/wp-spd-ob\/wp-json\/wp\/v2\/types\/post"}],"author":[{"embeddable":true,"href":"https:\/\/meier-gerdingh.de\/wp-spd-ob\/wp-json\/wp\/v2\/users\/1"}],"replies":[{"embeddable":true,"href":"https:\/\/meier-gerdingh.de\/wp-spd-ob\/wp-json\/wp\/v2\/comments?post=44"}],"version-history":[{"count":0,"href":"https:\/\/meier-gerdingh.de\/wp-spd-ob\/wp-json\/wp\/v2\/posts\/44\/revisions"}],"wp:attachment":[{"href":"https:\/\/meier-gerdingh.de\/wp-spd-ob\/wp-json\/wp\/v2\/media?parent=44"}],"wp:term":[{"taxonomy":"category","embeddable":true,"href":"https:\/\/meier-gerdingh.de\/wp-spd-ob\/wp-json\/wp\/v2\/categories?post=44"},{"taxonomy":"post_tag","embeddable":true,"href":"https:\/\/meier-gerdingh.de\/wp-spd-ob\/wp-json\/wp\/v2\/tags?post=44"},{"taxonomy":"quellen","embeddable":true,"href":"https:\/\/meier-gerdingh.de\/wp-spd-ob\/wp-json\/wp\/v2\/quellen?post=44"}],"curies":[{"name":"wp","href":"https:\/\/api.w.org\/{rel}","templated":true}]}}