{"id":440,"date":"2005-06-08T16:00:00","date_gmt":"2005-06-08T14:00:00","guid":{"rendered":"http:\/\/www.meier-gerdingh.de\/spd-oberhausen\/wp\/?p=440"},"modified":"2017-05-14T11:47:11","modified_gmt":"2017-05-14T09:47:11","slug":"spd-fraktion-beantragt-ausbauprogramm","status":"publish","type":"post","link":"https:\/\/meier-gerdingh.de\/wp-spd-ob\/2005\/06\/08\/spd-fraktion-beantragt-ausbauprogramm\/","title":{"rendered":"SPD-Fraktion beantragt Ausbauprogramm"},"content":{"rendered":"<div style=\"width: 150px\" class=\"wp-caption alignleft\"><a href=\"http:\/\/meier-gerdingh.de\/wp-spd-ob\/wp-content\/uploads\/emmerich_karl_heinz.jpg\"><img decoding=\"async\" class=\"size-full\" src=\"http:\/\/meier-gerdingh.de\/wp-spd-ob\/wp-content\/uploads\/emmerich_karl_heinz.jpg\" alt=\"Karl-Heinz Emmerich: Planungspolitischer Sprecher der SPD-Fraktion\" width=\"140\" height=\"191\" \/><\/a><p class=\"wp-caption-text\">Karl-Heinz Emmerich: Planungspolitischer Sprecher der SPD-Fraktion<\/p><\/div>\n<p>Nachdem sich die SPD-Fraktion in ihrer Klausurtagung mit einem Einstieg in die Thematik besch\u00e4ftigt hatte, hat der Fraktionsarbeitskreis Planen in seiner gestrigen Sitzung gr\u00fcnes Licht f\u00fcr ein neu zu konzipierendes Programm gegeben: Vorhandene Baustra\u00dfen sollen nach und nach ausgebaut werden. &#8222;Durch die Auflagen der Bezirksregierung zur Kreditlinie im Haushalt,&#8220; so der Arbeitskreisleiter Karl-Heinz Emmerich, &#8222;ist die Stadt gerade im investiven Bereich st\u00e4ndig gefordert, das W\u00fcnschbare vom Machbaren zu unterscheiden.&#8220; Dies hat insbesondere f\u00fcr den Oberhausener Norden zur Folge, dass zun\u00e4chst provisorisch eingerichtete Baustra\u00dfen nicht zeitnah ausgebaut werden k\u00f6nnen. Ein Fakt, der zunehmend durch B\u00fcrgerinnen und B\u00fcrger kritisiert wird, die den fehlenden Stra\u00dfenausbau mit B\u00fcrgersteigen, Radfahranlagen und Parkpl\u00e4tzen beklagen.<!--more--><\/p>\n<p>Hier wollen wir jetzt ansetzen und Abhilfe schaffen, so Karl-Heinz Emmerich. Nach den Vorstellungen der Sozialdemokraten soll die Verwaltung ein Programm erarbeiten und vorlegen, das einerseits aus vorhandenen Stra\u00dfenbaumitteln haushaltsneutral gespeist werden und so die Kreditlinie der Stadt nicht zus\u00e4tzlich belasten soll. Andererseits sollen ohnehin f\u00e4llige Anliegerbeitr\u00e4ge, die vielfach den Gro\u00dfteil der jeweiligen Investitionssumme ausmachen, bereits vor Beginn einer Bauma\u00dfnahme kassenwirksam vereinnahmt werden.<\/p>\n<p>Mit dem entsprechenden Antrag, der bereits in die n\u00e4chste Sitzung des Planungsausschusses am 22.06.2005 eingebracht wird, soll die zust\u00e4ndige Fachverwaltung zus\u00e4tzlich beauftragt werden, einen Vorschlag f\u00fcr eine Priorit\u00e4tenliste zu erarbeiten, die auch den Bezirksvertretungen vorzulegen ist.<\/p>\n","protected":false},"excerpt":{"rendered":"<p>Nachdem sich die SPD-Fraktion in ihrer Klausurtagung mit einem Einstieg in die Thematik besch\u00e4ftigt hatte, hat der Fraktionsarbeitskreis Planen in seiner gestrigen Sitzung gr\u00fcnes Licht f\u00fcr ein neu zu konzipierendes&hellip; <\/p>\n","protected":false},"author":1,"featured_media":0,"comment_status":"closed","ping_status":"closed","sticky":false,"template":"","format":"standard","meta":{"footnotes":""},"categories":[1],"tags":[],"quellen":[],"class_list":["post-440","post","type-post","status-publish","format-standard","hentry","category-allgemein"],"_links":{"self":[{"href":"https:\/\/meier-gerdingh.de\/wp-spd-ob\/wp-json\/wp\/v2\/posts\/440","targetHints":{"allow":["GET"]}}],"collection":[{"href":"https:\/\/meier-gerdingh.de\/wp-spd-ob\/wp-json\/wp\/v2\/posts"}],"about":[{"href":"https:\/\/meier-gerdingh.de\/wp-spd-ob\/wp-json\/wp\/v2\/types\/post"}],"author":[{"embeddable":true,"href":"https:\/\/meier-gerdingh.de\/wp-spd-ob\/wp-json\/wp\/v2\/users\/1"}],"replies":[{"embeddable":true,"href":"https:\/\/meier-gerdingh.de\/wp-spd-ob\/wp-json\/wp\/v2\/comments?post=440"}],"version-history":[{"count":0,"href":"https:\/\/meier-gerdingh.de\/wp-spd-ob\/wp-json\/wp\/v2\/posts\/440\/revisions"}],"wp:attachment":[{"href":"https:\/\/meier-gerdingh.de\/wp-spd-ob\/wp-json\/wp\/v2\/media?parent=440"}],"wp:term":[{"taxonomy":"category","embeddable":true,"href":"https:\/\/meier-gerdingh.de\/wp-spd-ob\/wp-json\/wp\/v2\/categories?post=440"},{"taxonomy":"post_tag","embeddable":true,"href":"https:\/\/meier-gerdingh.de\/wp-spd-ob\/wp-json\/wp\/v2\/tags?post=440"},{"taxonomy":"quellen","embeddable":true,"href":"https:\/\/meier-gerdingh.de\/wp-spd-ob\/wp-json\/wp\/v2\/quellen?post=440"}],"curies":[{"name":"wp","href":"https:\/\/api.w.org\/{rel}","templated":true}]}}