{"id":4406,"date":"2017-07-11T15:15:22","date_gmt":"2017-07-11T13:15:22","guid":{"rendered":"http:\/\/meier-gerdingh.de\/wp-spd-ob\/?p=4406"},"modified":"2017-07-11T15:15:22","modified_gmt":"2017-07-11T13:15:22","slug":"sonja-bongers-wird-ordentliches-mitglied-im-innen-und-im-rechtsausschuss","status":"publish","type":"post","link":"https:\/\/meier-gerdingh.de\/wp-spd-ob\/2017\/07\/11\/sonja-bongers-wird-ordentliches-mitglied-im-innen-und-im-rechtsausschuss\/","title":{"rendered":"Sonja Bongers wird ordentliches Mitglied im Innen- und im Rechtsausschuss"},"content":{"rendered":"<div id=\"attachment_4241\" style=\"width: 150px\" class=\"wp-caption alignleft\"><a href=\"http:\/\/meier-gerdingh.de\/wp-spd-ob\/wp-content\/uploads\/2017\/05\/bongers_sonja_17.jpg\"><img aria-describedby=\"caption-attachment-4241\" decoding=\"async\" class=\"size-full wp-image-4241\" src=\"http:\/\/meier-gerdingh.de\/wp-spd-ob\/wp-content\/uploads\/2017\/05\/bongers_sonja_17.jpg\" alt=\"\" width=\"140\" height=\"192\" \/><\/a><p id=\"caption-attachment-4241\" class=\"wp-caption-text\">Sonja Bongers ist Mitglied des Landtags f\u00fcr Alt-Oberhausen und Osterfeld<\/p><\/div>\n<p>Der Innenausschuss und der Rechtsausschuss &#8211; das werden in Zukunft die T\u00e4tigkeitsfelder der Landtagsabgeordneten Sonja Bongers (SPD) sein. In beiden Ressorts bringt die Oberhausener Juristin ausgezeichnete Kenntnisse und Erfahrungen mit: F\u00fcr den Rechtsausschuss ist sie durch ihre langj\u00e4hrige T\u00e4tigkeit als Rechtsanw\u00e4ltin fast schon pr\u00e4destiniert. Aber auch mit Themen der Sicherheits- und Innenpolitik ist sie bereits als stellvertretendes Mitglied des Polizeibeirates Oberhausen in Ber\u00fchrung gekommen.<!--more--><\/p>\n<p>&#8222;Ich freue mich auf die Arbeit, die vor mir liegt und bin froh, dass meine Fraktion meine W\u00fcnsche ber\u00fccksichtigt hat.&#8220;, so Bongers. Die SPD-Fraktion hat heute ihre Mitglieder f\u00fcr die jeweiligen Aussch\u00fcsse nominiert, die dann in der morgigen Plenarsitzung des nordrhein-westf\u00e4lischen Landtags gew\u00e4hlt werden.<\/p>\n<p>Au\u00dfer in ihren regul\u00e4ren Aussch\u00fcssen wird sich Bongers zus\u00e4tzlich als stellvertretendes Mitglied im Wissenschaftsausschuss, im Ausschuss f\u00fcr Arbeit, Gesundheit und Soziales sowie im Parlamentarischen Untersuchungsausschuss f\u00fcr den Fall Amri engagieren.<\/p>\n","protected":false},"excerpt":{"rendered":"<p>Der Innenausschuss und der Rechtsausschuss &#8211; das werden in Zukunft die T\u00e4tigkeitsfelder der Landtagsabgeordneten Sonja Bongers (SPD) sein. In beiden Ressorts bringt die Oberhausener Juristin ausgezeichnete Kenntnisse und Erfahrungen mit:&hellip; <\/p>\n","protected":false},"author":1,"featured_media":0,"comment_status":"closed","ping_status":"closed","sticky":false,"template":"","format":"standard","meta":{"footnotes":""},"categories":[216],"tags":[1318,1321,219,1320,1319,273],"quellen":[1317],"class_list":["post-4406","post","type-post","status-publish","format-standard","hentry","category-land","tag-innenausschus-landtag-nrw","tag-konstituierung-landtag-nrw","tag-landtag-nrw","tag-polizeibeirat-oberhausen","tag-rechtsausschuss-landtag-nrw","tag-spd-landtagsfraktion-nrw","quellen-mdl-sonja-bongers"],"_links":{"self":[{"href":"https:\/\/meier-gerdingh.de\/wp-spd-ob\/wp-json\/wp\/v2\/posts\/4406","targetHints":{"allow":["GET"]}}],"collection":[{"href":"https:\/\/meier-gerdingh.de\/wp-spd-ob\/wp-json\/wp\/v2\/posts"}],"about":[{"href":"https:\/\/meier-gerdingh.de\/wp-spd-ob\/wp-json\/wp\/v2\/types\/post"}],"author":[{"embeddable":true,"href":"https:\/\/meier-gerdingh.de\/wp-spd-ob\/wp-json\/wp\/v2\/users\/1"}],"replies":[{"embeddable":true,"href":"https:\/\/meier-gerdingh.de\/wp-spd-ob\/wp-json\/wp\/v2\/comments?post=4406"}],"version-history":[{"count":0,"href":"https:\/\/meier-gerdingh.de\/wp-spd-ob\/wp-json\/wp\/v2\/posts\/4406\/revisions"}],"wp:attachment":[{"href":"https:\/\/meier-gerdingh.de\/wp-spd-ob\/wp-json\/wp\/v2\/media?parent=4406"}],"wp:term":[{"taxonomy":"category","embeddable":true,"href":"https:\/\/meier-gerdingh.de\/wp-spd-ob\/wp-json\/wp\/v2\/categories?post=4406"},{"taxonomy":"post_tag","embeddable":true,"href":"https:\/\/meier-gerdingh.de\/wp-spd-ob\/wp-json\/wp\/v2\/tags?post=4406"},{"taxonomy":"quellen","embeddable":true,"href":"https:\/\/meier-gerdingh.de\/wp-spd-ob\/wp-json\/wp\/v2\/quellen?post=4406"}],"curies":[{"name":"wp","href":"https:\/\/api.w.org\/{rel}","templated":true}]}}