{"id":4409,"date":"2017-07-13T21:54:46","date_gmt":"2017-07-13T19:54:46","guid":{"rendered":"http:\/\/meier-gerdingh.de\/wp-spd-ob\/?p=4409"},"modified":"2017-07-13T21:54:46","modified_gmt":"2017-07-13T19:54:46","slug":"flore-will-bodenschwellen-am-brammenring","status":"publish","type":"post","link":"https:\/\/meier-gerdingh.de\/wp-spd-ob\/2017\/07\/13\/flore-will-bodenschwellen-am-brammenring\/","title":{"rendered":"Flore will Bodenschwellen am Brammenring"},"content":{"rendered":"<div id=\"attachment_1359\" style=\"width: 150px\" class=\"wp-caption alignleft\"><a href=\"http:\/\/meier-gerdingh.de\/wp-spd-ob\/wp-content\/uploads\/flore_manfred_14.jpg\"><img aria-describedby=\"caption-attachment-1359\" decoding=\"async\" class=\"size-full wp-image-1359\" src=\"http:\/\/meier-gerdingh.de\/wp-spd-ob\/wp-content\/uploads\/flore_manfred_14.jpg\" alt=\"\" width=\"140\" height=\"169\" \/><\/a><p id=\"caption-attachment-1359\" class=\"wp-caption-text\">Manfred Flore ist umwelt- und kulturpolitischer Sprecher der SPD-Fraktion<\/p><\/div>\n<p>Nach der Auseinandersetzung zwischen einem Fahrlehrer und seiner Sch\u00fclerin auf der einen und einem Motorradfahrer auf der anderen Seite am Dienstagabend auf dem ehemaligen Stahlwerksgel\u00e4nde fordert Manfred Flore, umweltpolitischer Sprecher der SPD-Fraktion, endlich Konsequenzen. &#8222;Dass sich die Situation so hochgeschaukelt hat, ist ja nicht verwunderlich&#8220;, findet Flore. Schon seit L\u00e4ngerem habe er versucht, die Verwaltung dazu zu bewegen, sich des Problems mit rasenden Motorradfahrern am Brammenring anzunehmen.<!--more--><\/p>\n<p>&#8222;Bezirksb\u00fcrgermeisterin Dorothee Radtke hat mir von vielen Beschwerden der Anwohner ob der abendlichen L\u00e4rmbel\u00e4stigung berichtet&#8220;, so Flore.<\/p>\n<p>Als praktikable und wirksame L\u00f6sung dort schl\u00e4gt Flore das Anbringen von Bodenschwellen vor, um das Rasen von Motorradfahrern dort dauerhaft zu verhindern. Die anfangs von der Verwaltung formulierten Bedenken, solche Schwellen k\u00f6nnten Rettungswagen behindern, r\u00e4umt Flore aus. &#8222;Ich habe mit der Feuerwehr gesprochen, von dieser Seite gibt es gegen Bodenschwellen jedenfalls keine Bedenken.&#8220;<\/p>\n","protected":false},"excerpt":{"rendered":"<p>Nach der Auseinandersetzung zwischen einem Fahrlehrer und seiner Sch\u00fclerin auf der einen und einem Motorradfahrer auf der anderen Seite am Dienstagabend auf dem ehemaligen Stahlwerksgel\u00e4nde fordert Manfred Flore, umweltpolitischer Sprecher&hellip; <\/p>\n","protected":false},"author":1,"featured_media":0,"comment_status":"closed","ping_status":"closed","sticky":false,"template":"","format":"standard","meta":{"footnotes":""},"categories":[7],"tags":[807,278,1324,468],"quellen":[326],"class_list":["post-4409","post","type-post","status-publish","format-standard","hentry","category-sicherheit","tag-brammenring","tag-feuerwehr","tag-motorrad-raser","tag-stahlwerksgelaende","quellen-spd-fraktion-oberhausen"],"_links":{"self":[{"href":"https:\/\/meier-gerdingh.de\/wp-spd-ob\/wp-json\/wp\/v2\/posts\/4409","targetHints":{"allow":["GET"]}}],"collection":[{"href":"https:\/\/meier-gerdingh.de\/wp-spd-ob\/wp-json\/wp\/v2\/posts"}],"about":[{"href":"https:\/\/meier-gerdingh.de\/wp-spd-ob\/wp-json\/wp\/v2\/types\/post"}],"author":[{"embeddable":true,"href":"https:\/\/meier-gerdingh.de\/wp-spd-ob\/wp-json\/wp\/v2\/users\/1"}],"replies":[{"embeddable":true,"href":"https:\/\/meier-gerdingh.de\/wp-spd-ob\/wp-json\/wp\/v2\/comments?post=4409"}],"version-history":[{"count":0,"href":"https:\/\/meier-gerdingh.de\/wp-spd-ob\/wp-json\/wp\/v2\/posts\/4409\/revisions"}],"wp:attachment":[{"href":"https:\/\/meier-gerdingh.de\/wp-spd-ob\/wp-json\/wp\/v2\/media?parent=4409"}],"wp:term":[{"taxonomy":"category","embeddable":true,"href":"https:\/\/meier-gerdingh.de\/wp-spd-ob\/wp-json\/wp\/v2\/categories?post=4409"},{"taxonomy":"post_tag","embeddable":true,"href":"https:\/\/meier-gerdingh.de\/wp-spd-ob\/wp-json\/wp\/v2\/tags?post=4409"},{"taxonomy":"quellen","embeddable":true,"href":"https:\/\/meier-gerdingh.de\/wp-spd-ob\/wp-json\/wp\/v2\/quellen?post=4409"}],"curies":[{"name":"wp","href":"https:\/\/api.w.org\/{rel}","templated":true}]}}