{"id":4410,"date":"2017-07-13T21:56:55","date_gmt":"2017-07-13T19:56:55","guid":{"rendered":"http:\/\/meier-gerdingh.de\/wp-spd-ob\/?p=4410"},"modified":"2017-07-13T21:56:55","modified_gmt":"2017-07-13T19:56:55","slug":"zimkeit-in-den-fraktionsvorstand-gewaehlt","status":"publish","type":"post","link":"https:\/\/meier-gerdingh.de\/wp-spd-ob\/2017\/07\/13\/zimkeit-in-den-fraktionsvorstand-gewaehlt\/","title":{"rendered":"Zimkeit in den Fraktionsvorstand gew\u00e4hlt"},"content":{"rendered":"<div id=\"attachment_4242\" style=\"width: 150px\" class=\"wp-caption alignleft\"><a href=\"http:\/\/meier-gerdingh.de\/wp-spd-ob\/wp-content\/uploads\/2017\/05\/zimkeit_stefan_17.jpg\"><img aria-describedby=\"caption-attachment-4242\" decoding=\"async\" class=\"size-full wp-image-4242\" src=\"http:\/\/meier-gerdingh.de\/wp-spd-ob\/wp-content\/uploads\/2017\/05\/zimkeit_stefan_17.jpg\" alt=\"\" width=\"140\" height=\"192\" \/><\/a><p id=\"caption-attachment-4242\" class=\"wp-caption-text\">Stefan Zimkeit ist Landtagsabgeordneter f\u00fcr Oberhausen-Sterkrade und Dinslaken sowie finanzpolitischer Sprecher der SPD-Landtagsfraktion<\/p><\/div>\n<p>Stefan Zimkeit ist neues Mitglied im Vorstand der SPD-Landtagsfraktion. Gleichzeitig wurde er als Fraktionssprecher f\u00fcr Haushalt und Finanzen best\u00e4tigt, nachdem jetzt die endg\u00fcltige Zusammensetzung der Parlamentsaussch\u00fcsse feststeht.<\/p>\n<p>&#8222;CDU und FDP werden uns erkl\u00e4ren m\u00fcssen, wie sie die milliardenschweren Koalitionsvereinbarungen mit dem versprochenen Schuldenabbau in Einklang bringen wollen&#8220;, k\u00fcndigt der SPD-Finanzexperte eine konstruktive Oppositionsarbeit an.<!--more--><\/p>\n<p>&#8222;In den letzten sieben Jahren hat die Landesregierung die Neuverschuldung bis auf Null reduziert und gleichzeitig gezielt in die Zukunft, in Kinder, Bildung und Infrastruktur investiert&#8220;, so Zimkeit.<\/p>\n<p>&#8222;Wenn stattdessen das Geld mit der Gie\u00dfkanne \u00fcber das Land verteilt werden soll, wird das weder dem Landeshaushalt noch dem sozialen Zusammenhalt gut tun.&#8220; Er bef\u00fcrchtet, dass Projekte gek\u00fcrzt werden, von denen Oberhausen profitiert. &#8222;Der neue schwarz-gelbe Geldsegen wird hingegen eher den l\u00e4ndlichen Raum erreichen.&#8220;<\/p>\n","protected":false},"excerpt":{"rendered":"<p>Stefan Zimkeit ist neues Mitglied im Vorstand der SPD-Landtagsfraktion. Gleichzeitig wurde er als Fraktionssprecher f\u00fcr Haushalt und Finanzen best\u00e4tigt, nachdem jetzt die endg\u00fcltige Zusammensetzung der Parlamentsaussch\u00fcsse feststeht. &#8222;CDU und FDP&hellip; <\/p>\n","protected":false},"author":1,"featured_media":0,"comment_status":"closed","ping_status":"closed","sticky":false,"template":"","format":"standard","meta":{"footnotes":""},"categories":[216],"tags":[565,219,1325,273],"quellen":[331],"class_list":["post-4410","post","type-post","status-publish","format-standard","hentry","category-land","tag-landeshaushalt","tag-landtag-nrw","tag-neuverschuldung","tag-spd-landtagsfraktion-nrw","quellen-mdl-stefan-zimkeit"],"_links":{"self":[{"href":"https:\/\/meier-gerdingh.de\/wp-spd-ob\/wp-json\/wp\/v2\/posts\/4410","targetHints":{"allow":["GET"]}}],"collection":[{"href":"https:\/\/meier-gerdingh.de\/wp-spd-ob\/wp-json\/wp\/v2\/posts"}],"about":[{"href":"https:\/\/meier-gerdingh.de\/wp-spd-ob\/wp-json\/wp\/v2\/types\/post"}],"author":[{"embeddable":true,"href":"https:\/\/meier-gerdingh.de\/wp-spd-ob\/wp-json\/wp\/v2\/users\/1"}],"replies":[{"embeddable":true,"href":"https:\/\/meier-gerdingh.de\/wp-spd-ob\/wp-json\/wp\/v2\/comments?post=4410"}],"version-history":[{"count":0,"href":"https:\/\/meier-gerdingh.de\/wp-spd-ob\/wp-json\/wp\/v2\/posts\/4410\/revisions"}],"wp:attachment":[{"href":"https:\/\/meier-gerdingh.de\/wp-spd-ob\/wp-json\/wp\/v2\/media?parent=4410"}],"wp:term":[{"taxonomy":"category","embeddable":true,"href":"https:\/\/meier-gerdingh.de\/wp-spd-ob\/wp-json\/wp\/v2\/categories?post=4410"},{"taxonomy":"post_tag","embeddable":true,"href":"https:\/\/meier-gerdingh.de\/wp-spd-ob\/wp-json\/wp\/v2\/tags?post=4410"},{"taxonomy":"quellen","embeddable":true,"href":"https:\/\/meier-gerdingh.de\/wp-spd-ob\/wp-json\/wp\/v2\/quellen?post=4410"}],"curies":[{"name":"wp","href":"https:\/\/api.w.org\/{rel}","templated":true}]}}