{"id":443,"date":"2005-06-10T16:00:00","date_gmt":"2005-06-10T14:00:00","guid":{"rendered":"http:\/\/www.meier-gerdingh.de\/spd-oberhausen\/wp\/?p=443"},"modified":"2017-05-14T11:47:03","modified_gmt":"2017-05-14T09:47:03","slug":"namensvorschlag-sed","status":"publish","type":"post","link":"https:\/\/meier-gerdingh.de\/wp-spd-ob\/2005\/06\/10\/namensvorschlag-sed\/","title":{"rendered":"Namensvorschlag: SED"},"content":{"rendered":"<div style=\"width: 150px\" class=\"wp-caption alignleft\"><a href=\"http:\/\/meier-gerdingh.de\/wp-spd-ob\/wp-content\/uploads\/hartmut_schmidt.jpg\"><img decoding=\"async\" class=\"size-full\" src=\"http:\/\/meier-gerdingh.de\/wp-spd-ob\/wp-content\/uploads\/hartmut_schmidt.jpg\" alt=\"Hartmut Schmidt: UB-Vorsitzender der Oberhausener SPD\" width=\"140\" height=\"192\" \/><\/a><p class=\"wp-caption-text\">Hartmut Schmidt: UB-Vorsitzender der Oberhausener SPD<\/p><\/div>\n<p>Jetzt also ist es amtlich. Die WASG gr\u00fcndet sich auch in Oberhausen als Partei und gleichzeitig beschlie\u00dft ihr Bundesvorstand in den n\u00e4chsten 2 Jahren eine gemeinsame Partei mit der PDS zu gr\u00fcnden. Als SPD-Vorsitzender von Oberhausen habe ich zu konstatieren, dass einige Gewerkschaftsfunktion\u00e4re und ehemalige SPD-Mitglieder die WASG gegr\u00fcndet haben, um als Sozialpartei Zeichen zu setzen. Das respektiere ich, auch wenn ich festzustellen habe, dass die Politik links von den Konservativen und Neoliberalen dadurch erheblich geschw\u00e4cht wird und ein Eintreten f\u00fcr eine soziale Reformpolitik innerhalb der SPD f\u00fcr Deutschland besser ist.<!--more--><\/p>\n<p>Dass die PDS und die WASG jetzt eine gemeinsame Partei gr\u00fcnden wollen, ist an Scheinheiligkeit der WASG-Spitzenfunktion\u00e4re kaum zu \u00fcberbieten. Damit hat die WASG ihren Anspruch, Sozialpartei zu sein, verwirkt. Die SPD wird auf Oberhausener Ebene mit diesen postkommunistischen Funktion\u00e4ren nicht zusammen arbeiten. Au\u00dferdem habe ich einen Namensvorschlag f\u00fcr die neue\/alte Partei: SED &#8211; Sozialistische Einheitspartei Deutschlands.<\/p>\n","protected":false},"excerpt":{"rendered":"<p>Jetzt also ist es amtlich. Die WASG gr\u00fcndet sich auch in Oberhausen als Partei und gleichzeitig beschlie\u00dft ihr Bundesvorstand in den n\u00e4chsten 2 Jahren eine gemeinsame Partei mit der PDS&hellip; <\/p>\n","protected":false},"author":1,"featured_media":0,"comment_status":"closed","ping_status":"closed","sticky":false,"template":"","format":"standard","meta":{"footnotes":""},"categories":[1],"tags":[],"quellen":[],"class_list":["post-443","post","type-post","status-publish","format-standard","hentry","category-allgemein"],"_links":{"self":[{"href":"https:\/\/meier-gerdingh.de\/wp-spd-ob\/wp-json\/wp\/v2\/posts\/443","targetHints":{"allow":["GET"]}}],"collection":[{"href":"https:\/\/meier-gerdingh.de\/wp-spd-ob\/wp-json\/wp\/v2\/posts"}],"about":[{"href":"https:\/\/meier-gerdingh.de\/wp-spd-ob\/wp-json\/wp\/v2\/types\/post"}],"author":[{"embeddable":true,"href":"https:\/\/meier-gerdingh.de\/wp-spd-ob\/wp-json\/wp\/v2\/users\/1"}],"replies":[{"embeddable":true,"href":"https:\/\/meier-gerdingh.de\/wp-spd-ob\/wp-json\/wp\/v2\/comments?post=443"}],"version-history":[{"count":0,"href":"https:\/\/meier-gerdingh.de\/wp-spd-ob\/wp-json\/wp\/v2\/posts\/443\/revisions"}],"wp:attachment":[{"href":"https:\/\/meier-gerdingh.de\/wp-spd-ob\/wp-json\/wp\/v2\/media?parent=443"}],"wp:term":[{"taxonomy":"category","embeddable":true,"href":"https:\/\/meier-gerdingh.de\/wp-spd-ob\/wp-json\/wp\/v2\/categories?post=443"},{"taxonomy":"post_tag","embeddable":true,"href":"https:\/\/meier-gerdingh.de\/wp-spd-ob\/wp-json\/wp\/v2\/tags?post=443"},{"taxonomy":"quellen","embeddable":true,"href":"https:\/\/meier-gerdingh.de\/wp-spd-ob\/wp-json\/wp\/v2\/quellen?post=443"}],"curies":[{"name":"wp","href":"https:\/\/api.w.org\/{rel}","templated":true}]}}