{"id":4442,"date":"2017-07-29T13:31:58","date_gmt":"2017-07-29T11:31:58","guid":{"rendered":"http:\/\/meier-gerdingh.de\/wp-spd-ob\/?p=4442"},"modified":"2017-07-30T13:34:57","modified_gmt":"2017-07-30T11:34:57","slug":"programm-kein-kind-zuruecklassen-bis-2018-gesichert","status":"publish","type":"post","link":"https:\/\/meier-gerdingh.de\/wp-spd-ob\/2017\/07\/29\/programm-kein-kind-zuruecklassen-bis-2018-gesichert\/","title":{"rendered":"Programm &#8222;Kein Kind zur\u00fccklassen&#8220; bis 2018 gesichert"},"content":{"rendered":"<p>Sonja Bongers und Stefan Zimkeit begr\u00fc\u00dfen es, dass die Landesregierung ihre Ank\u00fcndigung zur\u00fcckgenommen hat, das Programm &#8222;Kein Kind zur\u00fccklassen&#8220; (KeKiz) zu beenden. &#8222;Die Entscheidung, KeKiz zun\u00e4chst bis 2018 fortzusetzen, ist im Sinne der Kinder und der Kommunen&#8220;, sagt der Landtagsabgeordnete Zimkeit.<\/p>\n<p>Nach der schwarz-gelben Koalitionsvereinbarung, KeKiz abzuwickeln, hatte es zahlreiche Proteste aus den St\u00e4dten, der Fachwelt und der Politik gegeben. &#8222;Es ist gut, dass das Land auf die massive Kritik reagiert und ihre urspr\u00fcngliche Absicht revidiert hat&#8220;, betont Sonja Bongers.<!--more--><\/p>\n<p>Bongers und Zimkeit fordern, nun auch den zweiten Schritt zu gehen und das KeKiz-Programm \u00fcber 2018 hinaus fortzusetzen sowie auf das ganz NRW auszuweiten. Dies sei die Planung der SPD-gef\u00fchrten Vorg\u00e4ngerregierung gewesen und sei hinsichtlich besserer Chancen f\u00fcr alle Kinder die richtige Entscheidung, sagt die SPD-Abgeordnete Bongers. <\/p>\n<p>&#8222;Bei der Fortsetzung und Ausweitung des Landesprogrammes kann die Regierung mit der Unterst\u00fctzung der SPD rechnen. Projekte, die Kinder fr\u00fch f\u00f6rdern und vorbeugend unterst\u00fctzen bleiben zentrales Anliegen der SPD und werden unsere Zustimmung finden&#8220;, spricht sich Sonja Bongers f\u00fcr eine partei\u00fcbergreifende Zusammenarbeit aus.<\/p>\n","protected":false},"excerpt":{"rendered":"<p>Sonja Bongers und Stefan Zimkeit begr\u00fc\u00dfen es, dass die Landesregierung ihre Ank\u00fcndigung zur\u00fcckgenommen hat, das Programm &#8222;Kein Kind zur\u00fccklassen&#8220; (KeKiz) zu beenden. &#8222;Die Entscheidung, KeKiz zun\u00e4chst bis 2018 fortzusetzen, ist&hellip; <\/p>\n","protected":false},"author":1,"featured_media":0,"comment_status":"closed","ping_status":"closed","sticky":false,"template":"","format":"standard","meta":{"footnotes":""},"categories":[179,216],"tags":[1187,1330,1338],"quellen":[1317,331],"class_list":["post-4442","post","type-post","status-publish","format-standard","hentry","category-kinder-und-jugendliche","category-land","tag-kein-kind-zuruecklassen","tag-kekiz","tag-schwarz-gelbe-koalitionsvereinbarung","quellen-mdl-sonja-bongers","quellen-mdl-stefan-zimkeit"],"_links":{"self":[{"href":"https:\/\/meier-gerdingh.de\/wp-spd-ob\/wp-json\/wp\/v2\/posts\/4442","targetHints":{"allow":["GET"]}}],"collection":[{"href":"https:\/\/meier-gerdingh.de\/wp-spd-ob\/wp-json\/wp\/v2\/posts"}],"about":[{"href":"https:\/\/meier-gerdingh.de\/wp-spd-ob\/wp-json\/wp\/v2\/types\/post"}],"author":[{"embeddable":true,"href":"https:\/\/meier-gerdingh.de\/wp-spd-ob\/wp-json\/wp\/v2\/users\/1"}],"replies":[{"embeddable":true,"href":"https:\/\/meier-gerdingh.de\/wp-spd-ob\/wp-json\/wp\/v2\/comments?post=4442"}],"version-history":[{"count":0,"href":"https:\/\/meier-gerdingh.de\/wp-spd-ob\/wp-json\/wp\/v2\/posts\/4442\/revisions"}],"wp:attachment":[{"href":"https:\/\/meier-gerdingh.de\/wp-spd-ob\/wp-json\/wp\/v2\/media?parent=4442"}],"wp:term":[{"taxonomy":"category","embeddable":true,"href":"https:\/\/meier-gerdingh.de\/wp-spd-ob\/wp-json\/wp\/v2\/categories?post=4442"},{"taxonomy":"post_tag","embeddable":true,"href":"https:\/\/meier-gerdingh.de\/wp-spd-ob\/wp-json\/wp\/v2\/tags?post=4442"},{"taxonomy":"quellen","embeddable":true,"href":"https:\/\/meier-gerdingh.de\/wp-spd-ob\/wp-json\/wp\/v2\/quellen?post=4442"}],"curies":[{"name":"wp","href":"https:\/\/api.w.org\/{rel}","templated":true}]}}