{"id":446,"date":"2005-06-21T16:00:00","date_gmt":"2005-06-21T14:00:00","guid":{"rendered":"http:\/\/www.meier-gerdingh.de\/spd-oberhausen\/wp\/?p=446"},"modified":"2017-05-14T11:22:57","modified_gmt":"2017-05-14T09:22:57","slug":"wir-kaempfen","status":"publish","type":"post","link":"https:\/\/meier-gerdingh.de\/wp-spd-ob\/2005\/06\/21\/wir-kaempfen\/","title":{"rendered":"Wir k\u00e4mpfen!"},"content":{"rendered":"<p><a href=\"http:\/\/meier-gerdingh.de\/wp-spd-ob\/wp-content\/uploads\/banner_wirkaempfen.jpg\"><img decoding=\"async\" class=\"size-full alignleft\" src=\"http:\/\/meier-gerdingh.de\/wp-spd-ob\/wp-content\/uploads\/banner_wirkaempfen.jpg\" alt=\"\" width=\"240\" height=\"60\" \/><\/a>Die Initiative &#8222;Wir k\u00e4mpfen!&#8220; ist eine Aktion von B\u00fcrgerinnen und B\u00fcrgern, denen Deutschland am Herzen liegt. Denn es geht bei der kommenden Bundestagswahl um eine Richtungsentscheidung in Deutschland. Einen Entscheidung zwischen einem solidarischen Deutschland unter einer von Gerhard Schr\u00f6der gef\u00fchrten Bundesregierung und einem neoliberalen Merkel-Deutschland.<!--more--><\/p>\n<p>Die SPD und auch ich werden geschlossen f\u00fcr die Fortsetzung unseres Reformwegs k\u00e4mpfen., f\u00fchrt Grotthaus aus und f\u00e4hrt fort: &#8222;Wir k\u00e4mpfen f\u00fcr unsere sozialdemokratischen Werte. Wir k\u00e4mpfen f\u00fcr eine Marktwirtschaft sozialer Pr\u00e4gung, f\u00fcr Chancengleichheit und soziale Gerechtigkeit. Das alles wird es mit der Union nicht geben!&#8220; Deshalb bittet Grotthaus um Unterst\u00fctzung der die Initiative &#8222;Wir k\u00e4mpfen!&#8220;.<\/p>\n<p>&#8222;Wir k\u00e4mpfen!&#8220; ist eine bundesweite Bewegung mit der sich die B\u00fcrgerinnen und Burger identifizieren k\u00f6nnen.&#8220;, betont Grotthaus.<\/p>\n<p>Unter der Internet-Adresse <a class=\"normal\" href=\"http:\/\/www.wirkaempfen.de\" target=\"_blank&quot;\">www.wirkaempfen.de<\/a> ist der Text des Aufrufs sowie das Formular zur Unterzeichnung zu finden. Einen Link dorthin hat Grotthaus auch auf seiner Homepage <a class=\"normal\" href=\"http:\/\/www.grotthaus-mdb.de\" target=\"_blank\" rel=\"noopener noreferrer\">www.grotthaus-mdb.de<\/a> geschaltet.<\/p>\n","protected":false},"excerpt":{"rendered":"<p>Die Initiative &#8222;Wir k\u00e4mpfen!&#8220; ist eine Aktion von B\u00fcrgerinnen und B\u00fcrgern, denen Deutschland am Herzen liegt. Denn es geht bei der kommenden Bundestagswahl um eine Richtungsentscheidung in Deutschland. Einen Entscheidung&hellip; <\/p>\n","protected":false},"author":1,"featured_media":0,"comment_status":"closed","ping_status":"closed","sticky":false,"template":"","format":"standard","meta":{"footnotes":""},"categories":[1],"tags":[],"quellen":[],"class_list":["post-446","post","type-post","status-publish","format-standard","hentry","category-allgemein"],"_links":{"self":[{"href":"https:\/\/meier-gerdingh.de\/wp-spd-ob\/wp-json\/wp\/v2\/posts\/446","targetHints":{"allow":["GET"]}}],"collection":[{"href":"https:\/\/meier-gerdingh.de\/wp-spd-ob\/wp-json\/wp\/v2\/posts"}],"about":[{"href":"https:\/\/meier-gerdingh.de\/wp-spd-ob\/wp-json\/wp\/v2\/types\/post"}],"author":[{"embeddable":true,"href":"https:\/\/meier-gerdingh.de\/wp-spd-ob\/wp-json\/wp\/v2\/users\/1"}],"replies":[{"embeddable":true,"href":"https:\/\/meier-gerdingh.de\/wp-spd-ob\/wp-json\/wp\/v2\/comments?post=446"}],"version-history":[{"count":0,"href":"https:\/\/meier-gerdingh.de\/wp-spd-ob\/wp-json\/wp\/v2\/posts\/446\/revisions"}],"wp:attachment":[{"href":"https:\/\/meier-gerdingh.de\/wp-spd-ob\/wp-json\/wp\/v2\/media?parent=446"}],"wp:term":[{"taxonomy":"category","embeddable":true,"href":"https:\/\/meier-gerdingh.de\/wp-spd-ob\/wp-json\/wp\/v2\/categories?post=446"},{"taxonomy":"post_tag","embeddable":true,"href":"https:\/\/meier-gerdingh.de\/wp-spd-ob\/wp-json\/wp\/v2\/tags?post=446"},{"taxonomy":"quellen","embeddable":true,"href":"https:\/\/meier-gerdingh.de\/wp-spd-ob\/wp-json\/wp\/v2\/quellen?post=446"}],"curies":[{"name":"wp","href":"https:\/\/api.w.org\/{rel}","templated":true}]}}