{"id":4465,"date":"2017-08-03T19:30:42","date_gmt":"2017-08-03T17:30:42","guid":{"rendered":"http:\/\/meier-gerdingh.de\/wp-spd-ob\/?p=4465"},"modified":"2017-08-03T20:14:54","modified_gmt":"2017-08-03T18:14:54","slug":"die-spd-sommerschule-im-zaq","status":"publish","type":"post","link":"https:\/\/meier-gerdingh.de\/wp-spd-ob\/2017\/08\/03\/die-spd-sommerschule-im-zaq\/","title":{"rendered":"Die SPD-Sommerschule im ZAQ"},"content":{"rendered":"<p><a href=\"http:\/\/meier-gerdingh.de\/wp-spd-ob\/wp-content\/uploads\/2017\/07\/banner_spd_sommerschule_17.png\"><img decoding=\"async\" class=\"aligncenter size-full wp-image-4423\" src=\"http:\/\/meier-gerdingh.de\/wp-spd-ob\/wp-content\/uploads\/2017\/07\/banner_spd_sommerschule_17.png\" alt=\"\" width=\"720\" height=\"254\" srcset=\"https:\/\/meier-gerdingh.de\/wp-spd-ob\/wp-content\/uploads\/2017\/07\/banner_spd_sommerschule_17.png 720w, https:\/\/meier-gerdingh.de\/wp-spd-ob\/wp-content\/uploads\/2017\/07\/banner_spd_sommerschule_17-300x106.png 300w\" sizes=\"(max-width: 720px) 100vw, 720px\" \/><\/a><\/p>\n<p>Die Ausbildung und Qualifizierung von Menschen, die es auf dem ersten Arbeitsmarkt aus den verschiedensten Gr\u00fcnden besonders schwer haben, hat bei der Sommerschule der Oberhausener SPD am Mittwoch auf dem Plan gestanden: Die Sozialdemokraten waren zu Gast an der Essener Stra\u00dfe im Zentrum f\u00fcr Ausbildung und berufliche Qualifikation, kurz ZAQ. Gesch\u00e4ftsf\u00fchrer Jochen Kamps und dessen Stellvertreter Uwe Beier stellten die Einrichtung den Sommersch\u00fclern einmal genauer vor.<\/p>\n<div id=\"attachment_4463\" style=\"width: 310px\" class=\"wp-caption alignleft\"><a href=\"http:\/\/meier-gerdingh.de\/wp-spd-ob\/wp-content\/uploads\/2017\/08\/sommerschule_17_03_zaq_1000.jpg\"><img aria-describedby=\"caption-attachment-4463\" decoding=\"async\" class=\"size-full wp-image-4463\" src=\"http:\/\/meier-gerdingh.de\/wp-spd-ob\/wp-content\/uploads\/2017\/08\/sommerschule_17_03_zaq.jpg\" alt=\"\" width=\"300\" height=\"187\" \/><\/a><p id=\"caption-attachment-4463\" class=\"wp-caption-text\">ZAQ-Gesch\u00e4ftsf\u00fchrer Jochen Kamps (rechts) f\u00fchrte die Teilnehmer der SPD-Sommerschule durch einige Ausbildungsbereiche. Die Maler etwa k\u00f6nnen sehr praxisnah an H\u00e4userw\u00e4nden, Fenster\u00f6ffnungen und in kleinen Zimmern \u00fcben.<\/p><\/div>\n<p>Allein die Zahlen, die Jochen Kamps anfangs pr\u00e4sentierte, beeindruckten die Teilnehmer und zeigten auf, welch ein wichtiger Player das ZAQ in Sachen Ausbildung in Oberhausen ist: 175 Angestellte schultern 89 Ma\u00dfnahmen, von denen gut 1600 Teilnehmer profitieren \u2013 vom Jugendlichen bis zum &#8222;Best Ager&#8220; jenseits der 50 Jahre.<!--more--><\/p>\n<p>Angebote f\u00fcr Fl\u00fcchtlinge gibt es im ZAQ ebenso wie die M\u00f6glichkeit f\u00fcr behinderte Menschen, eine Ausbildung zu absolvieren, f\u00fcr Jugendliche mit diversen Ausbildungshemmnissen und noch etliche mehr. Dass das Angebot im ZAQ immer einem Wandel unterliegt, erkl\u00e4rte Jochen Kamps den Teilnehmern. Schlie\u00dflich m\u00fcsse sich das ZAQ, wie andere Ausbildungseinrichtungen auch, um die Durchf\u00fchrung von Ma\u00dfnahmen bewerben \u2013 und Bewerbungen k\u00f6nnen auch mal scheitern, wie ja auch Ma\u00dfnahmen irgendwann einmal auslaufen.<\/p>\n<p>Was dann wiederum zur Folge haben kann, dass diejenigen, die Menschen auf ihrem beruflichen Weg unterst\u00fctzen, pl\u00f6tzlich selbst um ihren Job bangen m\u00fcssen. &#8222;Und da w\u00fcnschen wir uns einfach mehr Kontinuit\u00e4t und weniger prek\u00e4re Besch\u00e4ftigungsverh\u00e4ltnisse im eigenen Haus&#8220;, erkl\u00e4rte Jochen Kamps, bevor es zum gro\u00dfen Rundgang durch die R\u00e4umlichkeiten an der Essener Stra\u00dfe ging.<\/p>\n","protected":false},"excerpt":{"rendered":"<p>Die Ausbildung und Qualifizierung von Menschen, die es auf dem ersten Arbeitsmarkt aus den verschiedensten Gr\u00fcnden besonders schwer haben, hat bei der Sommerschule der Oberhausener SPD am Mittwoch auf dem&hellip; <\/p>\n","protected":false},"author":1,"featured_media":0,"comment_status":"closed","ping_status":"closed","sticky":false,"template":"","format":"standard","meta":{"footnotes":""},"categories":[173],"tags":[760,1135,819,1264,1124],"quellen":[326],"class_list":["post-4465","post","type-post","status-publish","format-standard","hentry","category-parteileben","tag-ausbildung","tag-awo","tag-spd-sommerschule","tag-weiterbildung","tag-zaq","quellen-spd-fraktion-oberhausen"],"_links":{"self":[{"href":"https:\/\/meier-gerdingh.de\/wp-spd-ob\/wp-json\/wp\/v2\/posts\/4465","targetHints":{"allow":["GET"]}}],"collection":[{"href":"https:\/\/meier-gerdingh.de\/wp-spd-ob\/wp-json\/wp\/v2\/posts"}],"about":[{"href":"https:\/\/meier-gerdingh.de\/wp-spd-ob\/wp-json\/wp\/v2\/types\/post"}],"author":[{"embeddable":true,"href":"https:\/\/meier-gerdingh.de\/wp-spd-ob\/wp-json\/wp\/v2\/users\/1"}],"replies":[{"embeddable":true,"href":"https:\/\/meier-gerdingh.de\/wp-spd-ob\/wp-json\/wp\/v2\/comments?post=4465"}],"version-history":[{"count":0,"href":"https:\/\/meier-gerdingh.de\/wp-spd-ob\/wp-json\/wp\/v2\/posts\/4465\/revisions"}],"wp:attachment":[{"href":"https:\/\/meier-gerdingh.de\/wp-spd-ob\/wp-json\/wp\/v2\/media?parent=4465"}],"wp:term":[{"taxonomy":"category","embeddable":true,"href":"https:\/\/meier-gerdingh.de\/wp-spd-ob\/wp-json\/wp\/v2\/categories?post=4465"},{"taxonomy":"post_tag","embeddable":true,"href":"https:\/\/meier-gerdingh.de\/wp-spd-ob\/wp-json\/wp\/v2\/tags?post=4465"},{"taxonomy":"quellen","embeddable":true,"href":"https:\/\/meier-gerdingh.de\/wp-spd-ob\/wp-json\/wp\/v2\/quellen?post=4465"}],"curies":[{"name":"wp","href":"https:\/\/api.w.org\/{rel}","templated":true}]}}