{"id":449,"date":"2005-07-05T16:00:00","date_gmt":"2005-07-05T14:00:00","guid":{"rendered":"http:\/\/www.meier-gerdingh.de\/spd-oberhausen\/wp\/?p=449"},"modified":"2017-05-14T11:06:49","modified_gmt":"2017-05-14T09:06:49","slug":"mdl-wolfgang-grosse-broemer-wird-vorsitzender-des-schulausschusses","status":"publish","type":"post","link":"https:\/\/meier-gerdingh.de\/wp-spd-ob\/2005\/07\/05\/mdl-wolfgang-grosse-broemer-wird-vorsitzender-des-schulausschusses\/","title":{"rendered":"MdL Wolfgang Gro\u00dfe Br\u00f6mer wird Vorsitzender des Schulausschusses"},"content":{"rendered":"<div style=\"width: 150px\" class=\"wp-caption alignleft\"><a href=\"http:\/\/meier-gerdingh.de\/wp-spd-ob\/wp-content\/uploads\/grosse_broemer_wolfgang.jpg\"><img decoding=\"async\" class=\"size-full\" src=\"http:\/\/meier-gerdingh.de\/wp-spd-ob\/wp-content\/uploads\/grosse_broemer_wolfgang.jpg\" alt=\"Wolfgang Gro\u00dfe Br\u00f6mer ist Chef der SPD-Ratsfraktion und Mitglied des Landtags von Nordrhein-Westfalen\" width=\"140\" height=\"191\" \/><\/a><p class=\"wp-caption-text\">Wolfgang Gro\u00dfe Br\u00f6mer ist Chef der SPD-Ratsfraktion und Mitglied des Landtags von Nordrhein-Westfalen<\/p><\/div>\n<p>Der Oberhausener SPD-Landtagsabgeordnete Wolfgang Gro\u00dfe Br\u00f6mer wird neuer Vorsitzender des Schulausschusses im Landtag von Nordrhein-Westfalen. Dies beschloss die SPD-Landtagsfraktion, die f\u00fcr diesen Ausschuss das Vorschlagsrecht hat, auf ihrer heutigen Sitzung. Die offizielle Best\u00e4tigung durch den Ausschuss gilt als Formsache und erfolgt am Mittwoch im Rahmen der Konstituierung der Landtagsaussch\u00fcsse.<!--more--><\/p>\n<p>Wolfgang Gro\u00dfe Br\u00f6mer geh\u00f6rt dem Schulausschuss des Landtags seit dem Jahr 2000 an und hat in der letzten Wahlperiode als stellvertretender schulpolitischer Sprecher der SPD-Fraktion die bildungspolitische Diskussion in NRW engagiert und sachkundig begleitet: &#8222;Die Auseinandersetzung um den richtigen Weg bei den zentralen Zukunftsthemen Schule und Bildung bleibt einer der wichtigsten und spannendsten Politikbereiche auf Landesebene. Ich freue mich deshalb sehr auf diese neue Aufgabe&#8220;, so Gro\u00dfe Br\u00f6mer w\u00f6rtlich.<\/p>\n<p>\u00dcbrigens hatte bereits in der vergangenen Legislaturperiode ein Landtagsabgeordneter aus Oberhausen den Vorsitz im Schulausschuss inne: Dr. Heinz-J\u00f6rg Eckhold von der CDU, der f\u00fcr den neuen Landtag jedoch nicht mehr kandidiert hat.<\/p>\n<p>Neben dem Schulausschuss wird Wolfgang Gro\u00dfe Br\u00f6mer als ordentliches Mitglied dem Ausschuss f\u00fcr Haushaltskontrolle angeh\u00f6ren.<\/p>\n<p>Mike Groschek, Generalsekret\u00e4r der NRWSPD und SPD-Landtagsabgeordneter f\u00fcr Sterkrade und Dinslaken, ist &#8211; wie in der vergangenen Legislaturperiode &#8211; Mitglied im einflussreichen Haushalts- und Finanzausschuss des Landtags.<\/p>\n","protected":false},"excerpt":{"rendered":"<p>Der Oberhausener SPD-Landtagsabgeordnete Wolfgang Gro\u00dfe Br\u00f6mer wird neuer Vorsitzender des Schulausschusses im Landtag von Nordrhein-Westfalen. Dies beschloss die SPD-Landtagsfraktion, die f\u00fcr diesen Ausschuss das Vorschlagsrecht hat, auf ihrer heutigen Sitzung.&hellip; <\/p>\n","protected":false},"author":1,"featured_media":0,"comment_status":"closed","ping_status":"closed","sticky":false,"template":"","format":"standard","meta":{"footnotes":""},"categories":[1],"tags":[],"quellen":[],"class_list":["post-449","post","type-post","status-publish","format-standard","hentry","category-allgemein"],"_links":{"self":[{"href":"https:\/\/meier-gerdingh.de\/wp-spd-ob\/wp-json\/wp\/v2\/posts\/449","targetHints":{"allow":["GET"]}}],"collection":[{"href":"https:\/\/meier-gerdingh.de\/wp-spd-ob\/wp-json\/wp\/v2\/posts"}],"about":[{"href":"https:\/\/meier-gerdingh.de\/wp-spd-ob\/wp-json\/wp\/v2\/types\/post"}],"author":[{"embeddable":true,"href":"https:\/\/meier-gerdingh.de\/wp-spd-ob\/wp-json\/wp\/v2\/users\/1"}],"replies":[{"embeddable":true,"href":"https:\/\/meier-gerdingh.de\/wp-spd-ob\/wp-json\/wp\/v2\/comments?post=449"}],"version-history":[{"count":0,"href":"https:\/\/meier-gerdingh.de\/wp-spd-ob\/wp-json\/wp\/v2\/posts\/449\/revisions"}],"wp:attachment":[{"href":"https:\/\/meier-gerdingh.de\/wp-spd-ob\/wp-json\/wp\/v2\/media?parent=449"}],"wp:term":[{"taxonomy":"category","embeddable":true,"href":"https:\/\/meier-gerdingh.de\/wp-spd-ob\/wp-json\/wp\/v2\/categories?post=449"},{"taxonomy":"post_tag","embeddable":true,"href":"https:\/\/meier-gerdingh.de\/wp-spd-ob\/wp-json\/wp\/v2\/tags?post=449"},{"taxonomy":"quellen","embeddable":true,"href":"https:\/\/meier-gerdingh.de\/wp-spd-ob\/wp-json\/wp\/v2\/quellen?post=449"}],"curies":[{"name":"wp","href":"https:\/\/api.w.org\/{rel}","templated":true}]}}