{"id":451,"date":"2005-07-13T16:00:00","date_gmt":"2005-07-13T14:00:00","guid":{"rendered":"http:\/\/www.meier-gerdingh.de\/spd-oberhausen\/wp\/?p=451"},"modified":"2017-05-14T11:06:23","modified_gmt":"2017-05-14T09:06:23","slug":"drei-fahrradtouren-durch-oberhausen","status":"publish","type":"post","link":"https:\/\/meier-gerdingh.de\/wp-spd-ob\/2005\/07\/13\/drei-fahrradtouren-durch-oberhausen\/","title":{"rendered":"Drei Fahrradtouren durch Oberhausen"},"content":{"rendered":"<div style=\"width: 150px\" class=\"wp-caption alignleft\"><a href=\"http:\/\/meier-gerdingh.de\/wp-spd-ob\/wp-content\/uploads\/sommerschule_rad.jpg\"><img decoding=\"async\" class=\"size-full\" src=\"http:\/\/meier-gerdingh.de\/wp-spd-ob\/wp-content\/uploads\/sommerschule_rad.jpg\" alt=\"Oberb\u00fcrgermeister Klaus Wehling und SPD-Fraktionschef Wolfgang Gro\u00dfe Br\u00f6mer\" width=\"140\" height=\"179\" \/><\/a><p class=\"wp-caption-text\">Oberb\u00fcrgermeister Klaus Wehling und SPD-Fraktionschef Wolfgang Gro\u00dfe Br\u00f6mer<\/p><\/div>\n<p>Oberhausen hat sich zu einer der fahrradfreundlichsten St\u00e4dte in Deutschland entwickelt: Deshalb hat die Oberhausener SPD beschlossen, das Fahrrad in den Mittelpunkt ihrer diesj\u00e4hrigen Sommerschule zu stellen. Hierzu sind drei interessante, aber nicht allzu schwere Fahrradrouten ausgesucht worden, die zum einen die Fahrradfreundlichkeit unterstreichen, zum anderen aber auch einen \u00dcberblick \u00fcber einige wichtige Projekte erlauben.<!--more--><\/p>\n<p>Die Termine und Routen im Einzelnen:<\/p>\n<p><b>1. Etappe:<br \/>\nDonnerstag, 28. Juli 2005<br \/>\nTreffpunkt: 16.00 Uhr, am Kreisverkehr Weierstra\u00dfe<\/b><\/p>\n<p>Der Umbau der Weierstra\u00dfe, die neue Schule des Landschaftsverbandes f\u00fcr K\u00f6rperbehinderte, die Ansiedlungsfl\u00e4chen im Industriegebiet Weierheide und im Gewerbegebiet Erlenstra\u00dfe: das sind wichtige Stichworte zum Startpunkt der ersten Tour. Vom Kreisverkehr geht es zun\u00e4chst weiter \u00fcber die Erlen- und K\u00f6nigstra\u00dfe, um dann auf dem neu geschaffenen Radweg entlang der Emscher Richtung Holten weiterzufahren. \u00dcber die Graf-von-der-Mark-, L\u00fctzow- und Wasserstra\u00dfe erreichen wir am Kastell in Holten eine erste Zwischenstation. Hier wird uns Dieter Jan\u00dfen einen \u00dcberblick \u00fcber die Neugestaltung des Umfeldes des Kastells geben. Nach dieser Zwischenrast geht es weiter \u00fcber die Stra\u00dfen Am Stadtgraben und Johann-Tombers-Stra\u00dfe &#8211; hier wird ein neues Wohngebiet entwickelt &#8211; zum Revierpark Mattlerbusch. Im Bereich des Brauhauses wird uns Frau Sandra Blat y Br\u00e4nder, Revierpark Mattlerbusch GmbH, in Empfang nehmen und die Angebotspalette des von vielen Mitb\u00fcrgerinnen und Mitb\u00fcrgern genutzten attraktiven Parks vorstellen. Nach einer Rast bei einem k\u00fchlen Getr\u00e4nk ist zu entscheiden, ob von hier aus der R\u00fcckweg anzutreten ist, oder ob bei dem neu geschaffenen Golfplatz am R\u00f6ttgersbach noch eine weitere Zwischenstation eingelegt werden soll.<\/p>\n<p>Das &#8222;gelbe Trikot&#8220; des F\u00fchrenden wird zu dieser Etappe der Bezirksvorsteher Sterkrade, Dieter Jan\u00dfen, tragen.<\/p>\n<p><b>2. Etappe:<br \/>\nDonnerstag, 11. August 2004<br \/>\nTreffpunkt: 16.00 Uhr, Treffpunkt Bahnhof Sterkrade (an der Neum\u00fchler Stra\u00dfe Ecke Westrampe)<\/b><\/p>\n<p>Bei dieser Etappe geht es darum, die guten Verbindungen auch \u00fcber die Stadtgrenzen hinaus zu w\u00fcrdigen. \u00dcber die Hagedornstra\u00dfe geht&amp;039;s auf dem auf einer vormaligen Werkbahntrasse neu errichteten Radweg des KVR, der \u00fcber die Neum\u00fchler Stra\u00dfe parallel zur Neugahlener, Gartroper und Beekerortstra\u00dfe in das Radwegesystem entlang der Emscher m\u00fcndet. Hier soll bei einem ersten Zwischenstopp ein \u00dcberblick \u00fcber den geplanten Umbau des Emschersystems im Mittelpunkt stehen. Danach geht es wieder \u00fcber eine ehemalige Bahntrasse weiter in Richtung Duisburg: \u00dcber die Buschhausener Stra\u00dfe, parallel zur Wohnbebauung an der Bachstra\u00dfe ist der Landschaftspark Duisburg-Nord Tagesziel. Nach einem Rundgang durch das Stahlwerk besteht die M\u00f6glichkeit, dort eine kurze Rast einzulegen, bevor es wieder zur\u00fcck nach Oberhausen geht.<\/p>\n<p>(Da hier keine Bewirtung f\u00fcr die gesamt Gruppe organisiert werden kann, ist es ratsam, Getr\u00e4nke und eine Kleinigkeit zu essen mitzunehmen.)<\/p>\n<p>Das Hauptfeld anf\u00fchren werden diesmal: der AK-Leiter Planung der SPD-Fraktion, Karl-Heinz Emmerich, und der f\u00fcr die Schwarze Heide zust\u00e4ndige Stadtverordnete Manfred Flore.<\/p>\n<p><b>3. Etappe:<br \/>\nDonnerstag, 18. August 2005<br \/>\nTreffpunkt: 16.00 Uhr, Sport und Freizeitpark Stadion Niederrhein<\/b><\/p>\n<p>Seit der Umwandlung der Fl\u00e4chen des ehemaligen Schwimmbades f\u00fcr die \u00d6ffentlichkeit hat eine enorme Entwicklung stattgefunden: Es vergeht nahezu kein Tag, an dem die neue Sport- und Freizeitanlage nicht durch Sch\u00fclerinnen und Sch\u00fcler, Sportgruppen und Freizeitsportler genutzt wird und vollst\u00e4ndig ausgebucht ist. Nach dem Start am Eingangsbereich geht es rund um das Stadion Niederrhein den Rhein Herne Kanal entlang. In H\u00f6he des Geh\u00f6lzgarten Haus Ripshorst wird der Rhein-Herne Kanal \u00fcber die sogenannte &#8222;Schlaich-Br\u00fccke&#8220; \u00fcberquert und die Biologische Station am Haus Ripshorst angesteuert. Herr Dr. Randolf Kricke von der Biologischen Station wird uns einen \u00dcberblick \u00fcber die Einrichtung geben. Anschlie\u00dfend geht&amp;039;s zum ehemaligen Gel\u00e4nde der Kl\u00e4ranlage L\u00e4ppkes M\u00fchlenbach, das zum Sitz des Verbandes Garten-, Landschafts- und<\/p>\n<p>Sportplatzbau NRW ausgebaut worden ist. Hier wird uns Herr Gotschika einen \u00dcberblick \u00fcber die Aktivit\u00e4ten des Verbandes am Standort Oberhausen erm\u00f6glichen. Anschlie\u00dfend schlie\u00dft sich die Runde: Denn im Sport- und Freizeitpark Stadion Niederrhein werden wir zum Abschluss der Sommertour bei einem k\u00fchlen Getr\u00e4nk und Leckerem vom Grill erwartet.<\/p>\n<p>Die Etappenf\u00fchrung werden sich Anne Jan\u00dfen, umweltpolitische Sprecherin, Josef Loege, sportpolitischer Sprecher, und der Fraktionsvorsitzende Wolfgang Gro\u00dfe Br\u00f6mer teilen.<\/p>\n","protected":false},"excerpt":{"rendered":"<p>Oberhausen hat sich zu einer der fahrradfreundlichsten St\u00e4dte in Deutschland entwickelt: Deshalb hat die Oberhausener SPD beschlossen, das Fahrrad in den Mittelpunkt ihrer diesj\u00e4hrigen Sommerschule zu stellen. Hierzu sind drei&hellip; <\/p>\n","protected":false},"author":1,"featured_media":0,"comment_status":"closed","ping_status":"closed","sticky":false,"template":"","format":"standard","meta":{"footnotes":""},"categories":[1],"tags":[],"quellen":[],"class_list":["post-451","post","type-post","status-publish","format-standard","hentry","category-allgemein"],"_links":{"self":[{"href":"https:\/\/meier-gerdingh.de\/wp-spd-ob\/wp-json\/wp\/v2\/posts\/451","targetHints":{"allow":["GET"]}}],"collection":[{"href":"https:\/\/meier-gerdingh.de\/wp-spd-ob\/wp-json\/wp\/v2\/posts"}],"about":[{"href":"https:\/\/meier-gerdingh.de\/wp-spd-ob\/wp-json\/wp\/v2\/types\/post"}],"author":[{"embeddable":true,"href":"https:\/\/meier-gerdingh.de\/wp-spd-ob\/wp-json\/wp\/v2\/users\/1"}],"replies":[{"embeddable":true,"href":"https:\/\/meier-gerdingh.de\/wp-spd-ob\/wp-json\/wp\/v2\/comments?post=451"}],"version-history":[{"count":0,"href":"https:\/\/meier-gerdingh.de\/wp-spd-ob\/wp-json\/wp\/v2\/posts\/451\/revisions"}],"wp:attachment":[{"href":"https:\/\/meier-gerdingh.de\/wp-spd-ob\/wp-json\/wp\/v2\/media?parent=451"}],"wp:term":[{"taxonomy":"category","embeddable":true,"href":"https:\/\/meier-gerdingh.de\/wp-spd-ob\/wp-json\/wp\/v2\/categories?post=451"},{"taxonomy":"post_tag","embeddable":true,"href":"https:\/\/meier-gerdingh.de\/wp-spd-ob\/wp-json\/wp\/v2\/tags?post=451"},{"taxonomy":"quellen","embeddable":true,"href":"https:\/\/meier-gerdingh.de\/wp-spd-ob\/wp-json\/wp\/v2\/quellen?post=451"}],"curies":[{"name":"wp","href":"https:\/\/api.w.org\/{rel}","templated":true}]}}