{"id":453,"date":"2005-07-14T16:00:00","date_gmt":"2005-07-14T14:00:00","guid":{"rendered":"http:\/\/www.meier-gerdingh.de\/spd-oberhausen\/wp\/?p=453"},"modified":"2017-05-14T11:06:16","modified_gmt":"2017-05-14T09:06:16","slug":"schnellere-information-ueber-feinstaubmessungen-in-oberhausen-wuenschenswert","status":"publish","type":"post","link":"https:\/\/meier-gerdingh.de\/wp-spd-ob\/2005\/07\/14\/schnellere-information-ueber-feinstaubmessungen-in-oberhausen-wuenschenswert\/","title":{"rendered":"Schnellere Information \u00fcber Feinstaubmessungen in Oberhausen w\u00fcnschenswert"},"content":{"rendered":"<div style=\"width: 150px\" class=\"wp-caption alignleft\"><a href=\"http:\/\/meier-gerdingh.de\/wp-spd-ob\/wp-content\/uploads\/janssen_anne.jpg\"><img decoding=\"async\" class=\"size-full\" src=\"http:\/\/meier-gerdingh.de\/wp-spd-ob\/wp-content\/uploads\/janssen_anne.jpg\" alt=\"Anne Jan\u00dfen: Umweltpolitische Sprecherin und stellvertretende Vorsitzende der SPD-Fraktion\" width=\"140\" height=\"191\" \/><\/a><p class=\"wp-caption-text\">Anne Jan\u00dfen: Umweltpolitische Sprecherin und stellvertretende Vorsitzende der SPD-Fraktion<\/p><\/div>\n<p>Seit Anfang Juli arbeitet nun auch in Oberhausen eine Messstation des Landesumweltamtes, mit der die Luftqualit\u00e4t in einem vielbefahrenen Abschnitt der M\u00fclheimer Stra\u00dfe kontinuierlich \u00fcberwacht wird. Darauf macht Anne Jan\u00dfen, stellvertretende Vorsitzende der SPD-Fraktion und Vorsitzende des Umweltausschusses, aufmerksam. Hintergrund ist eine ge\u00e4nderte Richtlinie der Europ\u00e4ischen Union, die versch\u00e4rfte Grenzwerte insbesondere f\u00fcr die durchschnittliche Belastung der Luft mit Feinst\u00e4uben und Stickoxiden europaweit vorschreibt.<!--more--><\/p>\n<p>Anne Jan\u00dfen begr\u00fc\u00dft ausdr\u00fccklich, dass mit den Messungen jetzt auch in Oberhausen begonnen wurde. Damit k\u00f6nne in absehbarer Zeit auf der Grundlage fundierter Daten beurteilt werden, ob zus\u00e4tzliche Ma\u00dfnahmen zur Luftreinhaltung in unserer Stadt erforderlich seien.<\/p>\n<p>Allerdings k\u00f6nnte sich Anne Jan\u00dfen sehr wohl eine z\u00fcgigere und transparentere Information von B\u00fcrgerschaft und Politik \u00fcber die Messergebnisse an der M\u00fclheimer Stra\u00dfe vorstellen: &#8222;In anderen St\u00e4dten, in denen Messungen durchgef\u00fchrt werden, haben interessierte B\u00fcrgerinnen und B\u00fcrger zum Beispiel die M\u00f6glichkeit, \u00fcber das Internet die aktuellen Werte an den verschiedenen Messpunkten tagesaktuell abzufragen. Ich finde es unverst\u00e4ndlich, dass das Landesumweltamt dies in Oberhausen offensichtlich nicht vorgesehen hat.&#8220;<\/p>\n","protected":false},"excerpt":{"rendered":"<p>Seit Anfang Juli arbeitet nun auch in Oberhausen eine Messstation des Landesumweltamtes, mit der die Luftqualit\u00e4t in einem vielbefahrenen Abschnitt der M\u00fclheimer Stra\u00dfe kontinuierlich \u00fcberwacht wird. Darauf macht Anne Jan\u00dfen,&hellip; <\/p>\n","protected":false},"author":1,"featured_media":0,"comment_status":"closed","ping_status":"closed","sticky":false,"template":"","format":"standard","meta":{"footnotes":""},"categories":[1],"tags":[],"quellen":[],"class_list":["post-453","post","type-post","status-publish","format-standard","hentry","category-allgemein"],"_links":{"self":[{"href":"https:\/\/meier-gerdingh.de\/wp-spd-ob\/wp-json\/wp\/v2\/posts\/453","targetHints":{"allow":["GET"]}}],"collection":[{"href":"https:\/\/meier-gerdingh.de\/wp-spd-ob\/wp-json\/wp\/v2\/posts"}],"about":[{"href":"https:\/\/meier-gerdingh.de\/wp-spd-ob\/wp-json\/wp\/v2\/types\/post"}],"author":[{"embeddable":true,"href":"https:\/\/meier-gerdingh.de\/wp-spd-ob\/wp-json\/wp\/v2\/users\/1"}],"replies":[{"embeddable":true,"href":"https:\/\/meier-gerdingh.de\/wp-spd-ob\/wp-json\/wp\/v2\/comments?post=453"}],"version-history":[{"count":0,"href":"https:\/\/meier-gerdingh.de\/wp-spd-ob\/wp-json\/wp\/v2\/posts\/453\/revisions"}],"wp:attachment":[{"href":"https:\/\/meier-gerdingh.de\/wp-spd-ob\/wp-json\/wp\/v2\/media?parent=453"}],"wp:term":[{"taxonomy":"category","embeddable":true,"href":"https:\/\/meier-gerdingh.de\/wp-spd-ob\/wp-json\/wp\/v2\/categories?post=453"},{"taxonomy":"post_tag","embeddable":true,"href":"https:\/\/meier-gerdingh.de\/wp-spd-ob\/wp-json\/wp\/v2\/tags?post=453"},{"taxonomy":"quellen","embeddable":true,"href":"https:\/\/meier-gerdingh.de\/wp-spd-ob\/wp-json\/wp\/v2\/quellen?post=453"}],"curies":[{"name":"wp","href":"https:\/\/api.w.org\/{rel}","templated":true}]}}