{"id":4532,"date":"2017-08-29T09:45:37","date_gmt":"2017-08-29T07:45:37","guid":{"rendered":"http:\/\/meier-gerdingh.de\/wp-spd-ob\/?p=4532"},"modified":"2018-03-12T15:57:54","modified_gmt":"2018-03-12T14:57:54","slug":"verlagerung-in-den-laendlichen-raum","status":"publish","type":"post","link":"https:\/\/meier-gerdingh.de\/wp-spd-ob\/2017\/08\/29\/verlagerung-in-den-laendlichen-raum\/","title":{"rendered":"Verlagerung von Polizeistellen in den l\u00e4ndlichen Raum"},"content":{"rendered":"<p>Die Drohung, dass Oberhausen Polizeibeamte an den l\u00e4ndlichen Raum abgeben muss, stehe weiterhin im Raum, kommentieren Sonja Bongers und Stefan Zimkeit eine Auskunft des NRW-Innenministeriums. Die beiden SPD-Landtagsabgeordneten hatten sich vor dem Hintergrund des CDU-Vorhabens, mehr Polizei im l\u00e4ndlichen Raum einzusetzen, mit einer Kleinen Anfrage an Minister Herbert Reul (CDU) gewandt. &#8222;Leider hat der Innenminister in seiner Antwort solchen \u00dcberlegungen keine Absage erteilt&#8220;, bedauert Sonja Bongers. Stattdessen k\u00fcndige Reul an, die Verteilung von Polizeikr\u00e4ften zu &#8222;optimieren&#8220;, so die SPD-Innenexpertin.<!--more--><\/p>\n<p>&#8222;Dabei k\u00f6nnen das Ruhrgebiet und Oberhausen nur verlieren. Denn bislang wurden die Ballungsgebiete mit mehr Polizisten ausgestattet, weil hier auch die meisten Menschen leben.&#8220; CDU-Modellrechnungen s\u00e4hen vor, dass Oberhausen bis zu 88 Polizeikommissare an die fl\u00e4chengro\u00dfen Gemeinden des l\u00e4ndlichen Raums abstellen muss.<\/p>\n<p>&#8222;Schon jetzt hat Minister Reul neun Polizisten aus Oberhausen abgerufen&#8220;, kritisiert Stefan Zimkeit. Er fordert stattdessen eine Verbesserung der Personalsituation bei der Polizei. <\/p>\n<p>&#8222;Die SPD-gef\u00fchrte Landesregierung hatte die polizeilichen Ausbildungskapazit\u00e4ten auf ein Rekordniveau gesteigert.&#8220; Dieser Weg m\u00fcsse fortgesetzt werden. <\/p>\n<p>Deshalb begr\u00fc\u00dfen es Bongers und Zimkeit, dass die neue Landesregierung den Vorschlag der SPD aufgreifen will, die Zahl der Ausbildungsstellen auf 2300 zu steigern. &#8222;Davon muss auch Oberhausen profitieren&#8220;, so Zimkeit. &#8222;Es darf keinen weiteren Stellenabbau durch die CDU-gef\u00fchrte Landesregierung geben. Wir brauchen in Oberhausen mehr und nicht weniger Polizeibeamte.&#8220;<\/p>\n","protected":false},"excerpt":{"rendered":"<p>Die Drohung, dass Oberhausen Polizeibeamte an den l\u00e4ndlichen Raum abgeben muss, stehe weiterhin im Raum, kommentieren Sonja Bongers und Stefan Zimkeit eine Auskunft des NRW-Innenministeriums. Die beiden SPD-Landtagsabgeordneten hatten sich&hellip; <\/p>\n","protected":false},"author":1,"featured_media":0,"comment_status":"closed","ping_status":"closed","sticky":false,"template":"","format":"standard","meta":{"footnotes":""},"categories":[216,7],"tags":[6,498,693,1161,1141],"quellen":[1317,331],"class_list":["post-4532","post","type-post","status-publish","format-standard","hentry","category-land","category-sicherheit","tag-polizei","tag-polizei-oberhausen","tag-polizeibeamte","tag-polizeipraesenz","tag-polizeistellen","quellen-mdl-sonja-bongers","quellen-mdl-stefan-zimkeit"],"_links":{"self":[{"href":"https:\/\/meier-gerdingh.de\/wp-spd-ob\/wp-json\/wp\/v2\/posts\/4532","targetHints":{"allow":["GET"]}}],"collection":[{"href":"https:\/\/meier-gerdingh.de\/wp-spd-ob\/wp-json\/wp\/v2\/posts"}],"about":[{"href":"https:\/\/meier-gerdingh.de\/wp-spd-ob\/wp-json\/wp\/v2\/types\/post"}],"author":[{"embeddable":true,"href":"https:\/\/meier-gerdingh.de\/wp-spd-ob\/wp-json\/wp\/v2\/users\/1"}],"replies":[{"embeddable":true,"href":"https:\/\/meier-gerdingh.de\/wp-spd-ob\/wp-json\/wp\/v2\/comments?post=4532"}],"version-history":[{"count":0,"href":"https:\/\/meier-gerdingh.de\/wp-spd-ob\/wp-json\/wp\/v2\/posts\/4532\/revisions"}],"wp:attachment":[{"href":"https:\/\/meier-gerdingh.de\/wp-spd-ob\/wp-json\/wp\/v2\/media?parent=4532"}],"wp:term":[{"taxonomy":"category","embeddable":true,"href":"https:\/\/meier-gerdingh.de\/wp-spd-ob\/wp-json\/wp\/v2\/categories?post=4532"},{"taxonomy":"post_tag","embeddable":true,"href":"https:\/\/meier-gerdingh.de\/wp-spd-ob\/wp-json\/wp\/v2\/tags?post=4532"},{"taxonomy":"quellen","embeddable":true,"href":"https:\/\/meier-gerdingh.de\/wp-spd-ob\/wp-json\/wp\/v2\/quellen?post=4532"}],"curies":[{"name":"wp","href":"https:\/\/api.w.org\/{rel}","templated":true}]}}