{"id":4538,"date":"2017-08-31T17:49:30","date_gmt":"2017-08-31T15:49:30","guid":{"rendered":"http:\/\/meier-gerdingh.de\/wp-spd-ob\/?p=4538"},"modified":"2019-06-26T11:00:30","modified_gmt":"2019-06-26T09:00:30","slug":"oberhausens-spd-laedt-ein-zum-familienfest-im-kaisergarten","status":"publish","type":"post","link":"https:\/\/meier-gerdingh.de\/wp-spd-ob\/2017\/08\/31\/oberhausens-spd-laedt-ein-zum-familienfest-im-kaisergarten\/","title":{"rendered":"Oberhausener SPD l\u00e4dt ein zum Familienfest im Kaisergarten"},"content":{"rendered":"<p><a href=\"http:\/\/meier-gerdingh.de\/wp-spd-ob\/wp-content\/uploads\/2017\/08\/anzeige_17_09_10_wa_spd_som.png\"><img decoding=\"async\" class=\"aligncenter size-full wp-image-4539\" src=\"http:\/\/meier-gerdingh.de\/wp-spd-ob\/wp-content\/uploads\/2017\/08\/anzeige_17_09_10_wa_spd_som.png\" alt=\"\" width=\"620\" height=\"702\" srcset=\"https:\/\/meier-gerdingh.de\/wp-spd-ob\/wp-content\/uploads\/2017\/08\/anzeige_17_09_10_wa_spd_som.png 620w, https:\/\/meier-gerdingh.de\/wp-spd-ob\/wp-content\/uploads\/2017\/08\/anzeige_17_09_10_wa_spd_som-265x300.png 265w\" sizes=\"(max-width: 620px) 100vw, 620px\" \/><\/a>Auf einen verregneten Sommer folgt bekanntlich ein goldener Herbst \u2013 und diesen leitet die Oberhausener SPD in diesem Jahr mit ihrem gro\u00dfen wie traditionellen Familienfest im Kaisergarten ein, welches am<\/p>\n<p><strong>SO&nbsp;&nbsp;|&nbsp;&nbsp;10.&nbsp;September 2017&nbsp;&nbsp;|&nbsp;&nbsp;12.00 &#8211; 18.00 Uhr<br \/>\nim Kaisergarten&nbsp;&nbsp;|&nbsp;&nbsp;Am Kaisergarten 28<\/strong><\/p>\n<p>stattfinden wird.<!--more--><\/p>\n<p>F\u00fcr einen Sonntag verwandelt sich die gro\u00dfe Wiese im Herzen des Kaisergartens in eine Festmeile. Das Fest beginnt in diesem Jahr aus organisatorischen Gr\u00fcnden eine Stunde sp\u00e4ter als in den Vorjahren. Als besonderen Gast k\u00f6nnen wir den Landesvorsitzenden der NRWSPD, Mike Groschek, begr\u00fc\u00dfen.<\/p>\n<p>Das Familienfest der Oberhausener SPD findet in diesem Jahr bereits zum 38. Mal statt.<\/p>\n<div id=\"attachment_4540\" style=\"width: 750px\" class=\"wp-caption aligncenter\"><a href=\"http:\/\/meier-gerdingh.de\/wp-spd-ob\/wp-content\/uploads\/2017\/08\/sommerfest_2017.jpg\"><img aria-describedby=\"caption-attachment-4540\" decoding=\"async\" class=\"size-full wp-image-4540\" src=\"http:\/\/meier-gerdingh.de\/wp-spd-ob\/wp-content\/uploads\/2017\/08\/sommerfest_2017.jpg\" alt=\"\" width=\"740\" height=\"479\" srcset=\"https:\/\/meier-gerdingh.de\/wp-spd-ob\/wp-content\/uploads\/2017\/08\/sommerfest_2017.jpg 740w, https:\/\/meier-gerdingh.de\/wp-spd-ob\/wp-content\/uploads\/2017\/08\/sommerfest_2017-300x194.jpg 300w\" sizes=\"(max-width: 740px) 100vw, 740px\" \/><\/a><p id=\"caption-attachment-4540\" class=\"wp-caption-text\">&#8222;Mr. Sommerfest&#8220; Manni Flore und SPD-Chef Dirk V\u00f6pel auf dem Familienfest der Oberhausener SPD 2016<\/p><\/div>\n<p>Der Vorsitzende der Oberhausener SPD, Dirk V\u00f6pel, ist stolz darauf, dass es wieder gelungen ist, einen lebendigen Querschnitt der Oberhausener Vereins- und Verb\u00e4ndelandschaft zu gewinnen, die sich mit eigenen St\u00e4nden der \u00d6ffentlichkeit pr\u00e4sentieren. Die Abfallberatung, das Ambulante Hospiz, die Arbeiterwohlfahrt (AWO), der Arbeiter-Samariter-Bund (ASB), die Alevitische Gemeinde, die Caritas, der CVJM, die Falken, die Feuerwehr, die Johanniter-Unfallhilfe, die Ludwig-Galerie-Oberhausen, die STOAG und das Zentrum f\u00fcr Ausbildung und Qualifikation ZAQ werden sich den Besucherinnen und Besuchern mit eigenen St\u00e4nden vorstellen.<\/p>\n<p>Das <strong>B\u00fchnenprogramm<\/strong>, welches um 13.00 Uhr beginnt, bietet den Besucherinnen und Besucher im Zehn- bzw. Zwanzig-Minuten-Takt eine bunte Mischung aus Musik, Tanz und Vorf\u00fchrungen. Hier zeigen zahlreiche Tanzgarden, Karnevalsgesellschaften oder Sportclubs ihr K\u00f6nnen.<\/p>\n<p>Zahlreiche <strong>Attraktionen f\u00fcr Kinder und Jugendliche<\/strong> sorgen daf\u00fcr, dass das &#8222;Familienfest im Kaisergarten&#8220; seinen Namen zu Recht tr\u00e4gt. Egal ob Kletterwand, Menschenkicker oder Sumo-Ringen: wer eine sportliche Herausforderung sucht, ist beim Familienfest im Kaisergarten richtig. F\u00fcr diejenigen, die es etwas ruhiger angehen m\u00f6chten, stehen das Kinderkarussell oder eine H\u00fcpfburg bereit.<\/p>\n<p>Rund um den gro\u00dfen See wird wieder ein <strong>Kunst- und Antikmarkt<\/strong> stattfinden. Auch f\u00fcr das leibliche Wohl wird gesorgt \u2013 von internationalen Spezialit\u00e4ten \u00fcber Leckereien vom Grill bis hin zu Kuchen und Eis wird f\u00fcr jeden Geschmack etwas dabei sein.<\/p>\n<h3 class=\"spd-ob-crossheading\">Bereit zum Gespr\u00e4ch<\/h3>\n<p>F\u00fcr die Oberhausener SPD ist das Fest im Kaisergarten stets auch eine gute Gelegenheit, mit den B\u00fcrgerinnen und B\u00fcrgern ins Gespr\u00e4ch zu kommen. Um 14.00 Uhr werden der Oberhausener Bundestagsabgeordnete <strong>Dirk V\u00f6pel<\/strong>, die Landtagsabgeordneten <strong>Sonja Bongers<\/strong> und <strong>Stefan Zimkeit<\/strong>, der Vorsitzende der NRWSPD, <strong>Michael &#8222;Mike&#8220; Groschek<\/strong> sowie der Europaabgeordnete <strong>Jens Geier<\/strong> in einer Talkrunde auf der B\u00fchne stehen. Dar\u00fcber hinaus werden die Oberhausener Stadtverordneten, Bezirksvertretungsmitglieder sowie zahlreiche Mitglieder der SPD an den St\u00e4nden zum Gespr\u00e4ch bereit stehen.<\/p>\n<h3 class=\"spd-ob-crossheading\">Gut ankommen!<\/h3>\n<p>Bei gutem Wetter empfiehlt es sich, das Auto daheim zu lassen und eine Radtour in den Kaisergarten (entlang des Gr\u00fcnen Pfads vorbei am Gasometer) zu unternehmen. Am Eingang zum Fest steht eine Fahrradwache zur Verf\u00fcgung!<\/p>\n<p>Wer mit dem <strong>\u00d6PNV<\/strong> anreisen m\u00f6chte: Vom Oberhausener Hauptbahnhof fahren die Linien 956 und 966 bis zum Schloss Oberhausen.<\/p>\n<p>Wer mit dem <strong>PKW<\/strong> anreist, sollte die Parkm\u00f6glichkeiten im Gewerbegebiet am Kaisergarten &#8222;Max-Planck-Ring&#8220; und &#8222;Im Lipperfeld&#8220; nutzen. Im &#8222;Parkhaus 8&#8220; am CentrO kann ebenfalls geparkt werden. Wir bitten die Besucherinnen und Besucher darauf zu achten, dass die ausgeschilderten Parkpl\u00e4tze rund um den Kaisergarten geb\u00fchrenpflichtig sind.<\/p>\n","protected":false},"excerpt":{"rendered":"<p>Auf einen verregneten Sommer folgt bekanntlich ein goldener Herbst \u2013 und diesen leitet die Oberhausener SPD in diesem Jahr mit ihrem gro\u00dfen wie traditionellen Familienfest im Kaisergarten ein, welches am&hellip; <\/p>\n","protected":false},"author":1,"featured_media":0,"comment_status":"closed","ping_status":"closed","sticky":false,"template":"","format":"standard","meta":{"footnotes":""},"categories":[173,171],"tags":[22,86,818],"quellen":[327],"class_list":["post-4538","post","type-post","status-publish","format-standard","hentry","category-parteileben","category-veranstaltungen","tag-kaisergarten","tag-spd-familienfest","tag-spd-sommerfest","quellen-spd-unterbezirk-oberhausen"],"_links":{"self":[{"href":"https:\/\/meier-gerdingh.de\/wp-spd-ob\/wp-json\/wp\/v2\/posts\/4538","targetHints":{"allow":["GET"]}}],"collection":[{"href":"https:\/\/meier-gerdingh.de\/wp-spd-ob\/wp-json\/wp\/v2\/posts"}],"about":[{"href":"https:\/\/meier-gerdingh.de\/wp-spd-ob\/wp-json\/wp\/v2\/types\/post"}],"author":[{"embeddable":true,"href":"https:\/\/meier-gerdingh.de\/wp-spd-ob\/wp-json\/wp\/v2\/users\/1"}],"replies":[{"embeddable":true,"href":"https:\/\/meier-gerdingh.de\/wp-spd-ob\/wp-json\/wp\/v2\/comments?post=4538"}],"version-history":[{"count":0,"href":"https:\/\/meier-gerdingh.de\/wp-spd-ob\/wp-json\/wp\/v2\/posts\/4538\/revisions"}],"wp:attachment":[{"href":"https:\/\/meier-gerdingh.de\/wp-spd-ob\/wp-json\/wp\/v2\/media?parent=4538"}],"wp:term":[{"taxonomy":"category","embeddable":true,"href":"https:\/\/meier-gerdingh.de\/wp-spd-ob\/wp-json\/wp\/v2\/categories?post=4538"},{"taxonomy":"post_tag","embeddable":true,"href":"https:\/\/meier-gerdingh.de\/wp-spd-ob\/wp-json\/wp\/v2\/tags?post=4538"},{"taxonomy":"quellen","embeddable":true,"href":"https:\/\/meier-gerdingh.de\/wp-spd-ob\/wp-json\/wp\/v2\/quellen?post=4538"}],"curies":[{"name":"wp","href":"https:\/\/api.w.org\/{rel}","templated":true}]}}