{"id":454,"date":"2005-07-29T16:00:00","date_gmt":"2005-07-29T14:00:00","guid":{"rendered":"http:\/\/www.meier-gerdingh.de\/spd-oberhausen\/wp\/?p=454"},"modified":"2017-05-14T11:04:53","modified_gmt":"2017-05-14T09:04:53","slug":"bezirksvorsteher-karl-heinz-pflugbeil-hakt-nach","status":"publish","type":"post","link":"https:\/\/meier-gerdingh.de\/wp-spd-ob\/2005\/07\/29\/bezirksvorsteher-karl-heinz-pflugbeil-hakt-nach\/","title":{"rendered":"Bezirksvorsteher Karl-Heinz Pflugbeil hakt nach"},"content":{"rendered":"<div style=\"width: 150px\" class=\"wp-caption alignleft\"><a href=\"http:\/\/meier-gerdingh.de\/wp-spd-ob\/wp-content\/uploads\/pflugbeil_karl_heinz.jpg\"><img decoding=\"async\" class=\"size-full\" src=\"http:\/\/meier-gerdingh.de\/wp-spd-ob\/wp-content\/uploads\/pflugbeil_karl_heinz.jpg\" alt=\"Karl-Heinz Pflugbeil: Osterfelder Bezirksvorsteher und Mitglied der SPD-Ratsfraktion\" width=\"140\" height=\"191\" \/><\/a><p class=\"wp-caption-text\">Karl-Heinz Pflugbeil: Osterfelder Bezirksvorsteher und Mitglied der SPD-Ratsfraktion<\/p><\/div>\n<p>Mit einer schriftlichen Anfrage hat sich der Osterfelder Bezirksvorsteher Karl-Heinz Pflugbeil heute an die Verwaltung gewandt, um detaillierte Informationen zur Zukunft des Ost-Friedhofes in Osterfeld zu erhalten. &#8222;Die zu beteiligende Bezirksvertretung Osterfeld ist \u00fcber aktuelle \u00dcberlegungen der Verwaltung zum Ost-Friedhof bislang nicht informiert worden,&#8220; so der SPD-Stadtverordnete Karl-Heinz Pflugbeil, &#8222;so dass eine \u00f6ffentliche Darstellung zur Zukunft des Ost-Friedhofes keine durch Gremienbeschl\u00fcsse legitimierte Grundlage hat.&#8220;<!--more--><\/p>\n<p>Richtig ist, dass Entscheidungsalternativen f\u00fcr die Fortschreibung des Friedhofsbedarfsplanes aufbereitet und dargestellt werden. Denn nicht nur das ge\u00e4nderte Bestattungsverhalten und die Bev\u00f6lkerungsentwicklung, sondern insbesondere auch die damit einhergehende Entwicklung der Friedhofsgeb\u00fchren erfordern neue \u00dcberlegungen. &#8222;Ich erwarte jedoch von der Verwaltung, dass ordentlich informiert wird, Entscheidungsgrundlagen nachvollziehbar und schl\u00fcssig aufbereitet sind und daraus ein Vorschlag abgeleitet wird, der neben der Kostenseite auch andere wichtige Entscheidungsfaktoren umfasst&#8220;, so Karl-Heinz Pflugbeil.<\/p>\n<p>Ein \u00f6ffentlich gef\u00fchrter Dialog sei weder f\u00fcr den f\u00fcr den anstehenden Diskussionsprozess, noch f\u00fcr eine voraussichtlich erst im Herbst zu treffende Entscheidung sinnvoll. Dies beweist aktuell eine im Umfeld des Friedhofes auf Basis von gestreuten Halb- und Fehlinformationen gestartete Unterschriftenaktion zum Erhalt des Friedhofes.<\/p>\n<p>&#8222;Eine Hau-Ruck Entscheidung in der Bezirksvertretung zum Friedhof&#8220;, stellt Karl-Heinz Pflugbeil abschlie\u00dfend klar, &#8222;wird es zumindest mit der SPD-Fraktion nicht geben.&#8220;<\/p>\n","protected":false},"excerpt":{"rendered":"<p>Mit einer schriftlichen Anfrage hat sich der Osterfelder Bezirksvorsteher Karl-Heinz Pflugbeil heute an die Verwaltung gewandt, um detaillierte Informationen zur Zukunft des Ost-Friedhofes in Osterfeld zu erhalten. &#8222;Die zu beteiligende&hellip; <\/p>\n","protected":false},"author":1,"featured_media":0,"comment_status":"closed","ping_status":"closed","sticky":false,"template":"","format":"standard","meta":{"footnotes":""},"categories":[1],"tags":[],"quellen":[],"class_list":["post-454","post","type-post","status-publish","format-standard","hentry","category-allgemein"],"_links":{"self":[{"href":"https:\/\/meier-gerdingh.de\/wp-spd-ob\/wp-json\/wp\/v2\/posts\/454","targetHints":{"allow":["GET"]}}],"collection":[{"href":"https:\/\/meier-gerdingh.de\/wp-spd-ob\/wp-json\/wp\/v2\/posts"}],"about":[{"href":"https:\/\/meier-gerdingh.de\/wp-spd-ob\/wp-json\/wp\/v2\/types\/post"}],"author":[{"embeddable":true,"href":"https:\/\/meier-gerdingh.de\/wp-spd-ob\/wp-json\/wp\/v2\/users\/1"}],"replies":[{"embeddable":true,"href":"https:\/\/meier-gerdingh.de\/wp-spd-ob\/wp-json\/wp\/v2\/comments?post=454"}],"version-history":[{"count":0,"href":"https:\/\/meier-gerdingh.de\/wp-spd-ob\/wp-json\/wp\/v2\/posts\/454\/revisions"}],"wp:attachment":[{"href":"https:\/\/meier-gerdingh.de\/wp-spd-ob\/wp-json\/wp\/v2\/media?parent=454"}],"wp:term":[{"taxonomy":"category","embeddable":true,"href":"https:\/\/meier-gerdingh.de\/wp-spd-ob\/wp-json\/wp\/v2\/categories?post=454"},{"taxonomy":"post_tag","embeddable":true,"href":"https:\/\/meier-gerdingh.de\/wp-spd-ob\/wp-json\/wp\/v2\/tags?post=454"},{"taxonomy":"quellen","embeddable":true,"href":"https:\/\/meier-gerdingh.de\/wp-spd-ob\/wp-json\/wp\/v2\/quellen?post=454"}],"curies":[{"name":"wp","href":"https:\/\/api.w.org\/{rel}","templated":true}]}}